{"id":10041,"date":"2021-03-22T15:18:57","date_gmt":"2021-03-22T15:18:57","guid":{"rendered":"https:\/\/infobric.se\/workforce\/?p=10041"},"modified":"2026-02-25T15:24:15","modified_gmt":"2026-02-25T15:24:15","slug":"webinar-med-hall-nollan-och-infobric-group","status":"publish","type":"post","link":"https:\/\/infobric.com\/se\/nyheter\/webinar-med-hall-nollan-och-infobric-group\/","title":{"rendered":"Webinar med H\u00e5ll Nollan och Infobric Group"},"content":{"rendered":"\t\t<div data-elementor-type=\"wp-post\" data-elementor-id=\"10041\" class=\"elementor elementor-10041\" data-elementor-post-type=\"post\">\n\t\t\t\t<div class=\"elementor-element elementor-element-ec643a7 e-flex e-con-boxed e-con e-parent\" data-id=\"ec643a7\" data-element_type=\"container\">\n\t\t\t\t\t<div class=\"e-con-inner\">\n\t\t\t\t<div class=\"elementor-element elementor-element-aba10c0 elementor-widget elementor-widget-infobric_article_intro\" data-id=\"aba10c0\" data-element_type=\"widget\" data-widget_type=\"infobric_article_intro.default\">\n\t\t\t\t<div class=\"elementor-widget-container\">\n\t\t\t        <div class=\"article-intro-block\">\n            <div class=\"article-intro-wrapper\">\n                <div class=\"article-intro-content\">\n                    <p class=\"global-body-light-m\"> Missa inte H\u00e5ll Nollans webinar den 30 mars med Infobric Group.\n\n<\/p>\n                    <img fetchpriority=\"high\" width=\"1024\" height=\"683\" src=\"https:\/\/infobric.com\/se\/wp-content\/uploads\/sites\/29\/2024\/08\/Meddelandefunktion-infobric-ease-checkin-1024x683.jpg\" class=\"attachment-large size-large\" alt=\"byggarbetare l\u00e4ser meddelande via app p\u00e5 byggarbetsplats\" fetchpriority=\"high\" loading=\"eager\" decoding=\"async\" sizes=\"(max-width: 768px) 100vw, 600px\" srcset=\"https:\/\/infobric.com\/se\/wp-content\/uploads\/sites\/29\/2024\/08\/Meddelandefunktion-infobric-ease-checkin-1024x683.jpg 1024w, https:\/\/infobric.com\/se\/wp-content\/uploads\/sites\/29\/2024\/08\/Meddelandefunktion-infobric-ease-checkin-300x200.jpg 300w, https:\/\/infobric.com\/se\/wp-content\/uploads\/sites\/29\/2024\/08\/Meddelandefunktion-infobric-ease-checkin-768x512.jpg 768w, https:\/\/infobric.com\/se\/wp-content\/uploads\/sites\/29\/2024\/08\/Meddelandefunktion-infobric-ease-checkin-1536x1025.jpg 1536w, https:\/\/infobric.com\/se\/wp-content\/uploads\/sites\/29\/2024\/08\/Meddelandefunktion-infobric-ease-checkin-2048x1366.jpg 2048w, https:\/\/infobric.com\/se\/wp-content\/uploads\/sites\/29\/2024\/08\/Meddelandefunktion-infobric-ease-checkin-600x400.jpg 600w\" \/>                <\/div>\n            <\/div>\n        <\/div>\n        \t\t<\/div>\n\t\t\t\t<\/div>\n\t\t\t\t\t<\/div>\n\t\t\t\t<\/div>\n\t\t<div class=\"elementor-element elementor-element-c9520c2 e-flex e-con-boxed e-con e-parent\" data-id=\"c9520c2\" data-element_type=\"container\">\n\t\t\t\t\t<div class=\"e-con-inner\">\n\t\t\t\t<div class=\"elementor-element elementor-element-e14b026 elementor-widget elementor-widget-infobric_article_text\" data-id=\"e14b026\" data-element_type=\"widget\" data-widget_type=\"infobric_article_text.default\">\n\t\t\t\t<div class=\"elementor-widget-container\">\n\t\t\t        <div class=\"article-text-wrapper\">\n            <div class=\"article-text-content\">\n                <div class=\"elementor-element elementor-element-108ba98 elementor-widget elementor-widget-heading\" data-id=\"108ba98\" data-element_type=\"widget\" data-widget_type=\"heading.default\"><div class=\"elementor-widget-container\"><h2 class=\"elementor-heading-title elementor-size-default\">Ingen ska skadas p\u00e5 v\u00e5ra byggen!<\/h2><\/div><\/div><div class=\"elementor-element elementor-element-7cea18ab elementor-widget elementor-widget-text-editor\" data-id=\"7cea18ab\" data-element_type=\"widget\" data-widget_type=\"text-editor.default\"><div class=\"elementor-widget-container\"><div class=\"elementor-text-editor elementor-clearfix\"><p>Den 30 mars kommer Infobric Group att delta i ett webinar med H\u00e5ll Nollan f\u00f6r att presentera hur digitala tj\u00e4nster kan bidra till \u00f6kad s\u00e4kerhet i byggbranschen. Under webinaret ber\u00e4ttar vi dessutom om ett par sp\u00e4nnande utvecklingsprojekt som vi nu driver tillsammans med branschen.<\/p><\/div><\/div><\/div><div class=\"elementor-element elementor-element-d247e69 elementor-widget elementor-widget-text-editor\" data-id=\"d247e69\" data-element_type=\"widget\" data-widget_type=\"text-editor.default\"><div class=\"elementor-widget-container\"><div class=\"elementor-text-editor elementor-clearfix\"><p>Webinaret arrangeras av H\u00e5ll Nollan och s\u00e4nds via Teams den 30 mars kl 14.00<\/p><\/div><\/div><\/div><p><strong>Anm\u00e4lan \u00e4r st\u00e4ngd.\u00a0<\/strong><\/p>            <\/div>\n        <\/div>\n        \t\t<\/div>\n\t\t\t\t<\/div>\n\t\t\t\t<div class=\"elementor-element elementor-element-44c7d0f elementor-widget elementor-widget-infobric_article_cta\" data-id=\"44c7d0f\" data-element_type=\"widget\" data-widget_type=\"infobric_article_cta.default\">\n\t\t\t\t<div class=\"elementor-widget-container\">\n\t\t\t        <div class=\"article-cta-block\">\n            <div class=\"article-cta-content-wrapper\">\n                                    <div class=\"article-cta-content-link\">\n                        <div class=\"article-cta-image-wrapper\">\n                            <img loading=\"lazy\" width=\"300\" height=\"200\" src=\"https:\/\/infobric.com\/se\/wp-content\/uploads\/sites\/29\/2025\/03\/INFOBRIC_B2A2960-WEBB-300x200.jpg\" class=\"article-cta-image\" alt=\"Beh\u00f6rig personal p\u00e5 byggarbetsplatsen\" loading=\"lazy\" decoding=\"async\" sizes=\"(max-width: 768px) 100vw, 187px\" srcset=\"https:\/\/infobric.com\/se\/wp-content\/uploads\/sites\/29\/2025\/03\/INFOBRIC_B2A2960-WEBB-300x200.jpg 300w, https:\/\/infobric.com\/se\/wp-content\/uploads\/sites\/29\/2025\/03\/INFOBRIC_B2A2960-WEBB-1024x683.jpg 1024w, https:\/\/infobric.com\/se\/wp-content\/uploads\/sites\/29\/2025\/03\/INFOBRIC_B2A2960-WEBB-768x512.jpg 768w, https:\/\/infobric.com\/se\/wp-content\/uploads\/sites\/29\/2025\/03\/INFOBRIC_B2A2960-WEBB-1536x1025.jpg 1536w, https:\/\/infobric.com\/se\/wp-content\/uploads\/sites\/29\/2025\/03\/INFOBRIC_B2A2960-WEBB-600x400.jpg 600w, https:\/\/infobric.com\/se\/wp-content\/uploads\/sites\/29\/2025\/03\/INFOBRIC_B2A2960-WEBB.jpg 2000w\" \/>                        <\/div>\n\n                        <div class=\"article-cta-link-text-cta-wrapper\">\n                            <div class=\"article-cta-link-text-wrapper\">\n                                <h4 class=\"global-body-bold-m\">Om H\u00e5ll Nollan<\/h4>\n                                <p class=\"global-body-light-m\">H\u00e5ll Nollan \u00e4r en uppmaning och en p\u00e5minnelse om en av de absolut viktigaste fr\u00e5gorna f\u00f6r oss som jobbar i bygg- och fastighetsbranschen i Sverige \u2013 att ingen ska skada sig p\u00e5 v\u00e5ra arbetsplatser. F\u00f6reningen bakom H\u00e5ll Nollan heter Samverkan f\u00f6r noll olyckor i byggbranschen och \u00e4r grundat av 13 akt\u00f6rer som p\u00e5 olika s\u00e4tt \u00e4r involverade i ett byggprojekt olika faser, b\u00e5de entrepren\u00f6rer och byggherrar. H\u00e5ll Nollans medlemmar har ett gemensamt m\u00e5l\u2013 att tillsammans skapa en olycksfri arbetsplats.<\/p>\n                            <\/div>\n                            <a href=\"https:\/\/www.hallnollan.se\/\" class=\"ib-button-primary\">\n                                <div class=\"ib-button-primary-wrapper\">\n                                    <div class=\"ib-button-primary-btn-text global-body-button\">L\u00e4s mer<\/div>\n                                    <div class=\"ib-button-primary-btn-text-abs global-body-button\">L\u00e4s mer<\/div>\n                                <\/div>\n                            <\/a>\n                        <\/div>\n                    <\/div>\n\n                            <\/div>\n        <\/div>\n        \t\t<\/div>\n\t\t\t\t<\/div>\n\t\t\t\t<div class=\"elementor-element elementor-element-bd69844 elementor-widget elementor-widget-infobric_read_more\" data-id=\"bd69844\" data-element_type=\"widget\" data-widget_type=\"infobric_read_more.default\">\n\t\t\t\t<div class=\"elementor-widget-container\">\n\t\t\t        <div class=\"read-more-widget\">\n            <div class=\"read-more-widget-content\">\n                <h4 class=\"global-headline global-headline-l\">Relaterat inneh\u00e5ll<\/h4>\n                <div class=\"read-more-wrapper\">\n                                            <div class=\"read-more-post-item\">\n                            <img loading=\"lazy\" width=\"1024\" height=\"758\" src=\"https:\/\/infobric.com\/se\/wp-content\/uploads\/sites\/29\/2024\/07\/infobricgroup-1024x758.avif\" class=\"attachment-large size-large\" alt=\"\" loading=\"lazy\" decoding=\"async\" sizes=\"(max-width: 767px) 100vw, 33vw\" srcset=\"https:\/\/infobric.com\/se\/wp-content\/uploads\/sites\/29\/2024\/07\/infobricgroup-1024x758.avif 1024w, https:\/\/infobric.com\/se\/wp-content\/uploads\/sites\/29\/2024\/07\/infobricgroup-300x222.avif 300w, https:\/\/infobric.com\/se\/wp-content\/uploads\/sites\/29\/2024\/07\/infobricgroup-768x569.avif 768w, https:\/\/infobric.com\/se\/wp-content\/uploads\/sites\/29\/2024\/07\/infobricgroup-1536x1137.avif 1536w, https:\/\/infobric.com\/se\/wp-content\/uploads\/sites\/29\/2024\/07\/infobricgroup-600x444.avif 600w, https:\/\/infobric.com\/se\/wp-content\/uploads\/sites\/29\/2024\/07\/infobricgroup.avif 2000w\" \/>                            <div class=\"read-more-post-item-wrapper\">\n                                <div class=\"read-more-post-item-text-wrapper\">\n                                    <h6 class=\"global-headline global-headline-xs\">Bankinitiativet<\/h6>\n                                    <p class=\"global-body-light-m\">Bankinitiativet H\u00e5llbar Byggbransch (BHB) \u00e4r ett initiativ med syfte att motverka kriminalitet och skapa sund konkurrens i byggbranschen.<\/p>\n                                <\/div>\n                                <a class=\"ib-button-link ib-button-link-light-bg global-body-button \" href=\"https:\/\/infobric.com\/se\/bankinitiativet\/\"  >\n                                    L\u00e4s mer                                    <svg xmlns=\"http:\/\/www.w3.org\/2000\/svg\" width=\"8\" height=\"11\" viewBox=\"0 0 8 11\" fill=\"none\">\n                                        <path d=\"M2 9.5L6 5.5L2 1.5\" stroke=\"#1D2C38\" stroke-width=\"2.4\" stroke-miterlimit=\"10\" stroke-linecap=\"round\" stroke-linejoin=\"round\"\/>\n                                    <\/svg>\n                                <\/a>\n                            <\/div>\n                        <\/div>\n                                            <div class=\"read-more-post-item\">\n                            <img loading=\"lazy\" width=\"892\" height=\"554\" src=\"https:\/\/infobric.com\/se\/wp-content\/uploads\/sites\/29\/2025\/02\/2025-02-06-16_12_14-Infobric-Construction-Archived-Articles.docx-och-3-sidor-till-Arbete-\u2013-Micro.png\" class=\"attachment-large size-large\" alt=\"Safe Construction Summit\" loading=\"lazy\" decoding=\"async\" sizes=\"(max-width: 767px) 100vw, 33vw\" srcset=\"https:\/\/infobric.com\/se\/wp-content\/uploads\/sites\/29\/2025\/02\/2025-02-06-16_12_14-Infobric-Construction-Archived-Articles.docx-och-3-sidor-till-Arbete-\u2013-Micro.png 892w, https:\/\/infobric.com\/se\/wp-content\/uploads\/sites\/29\/2025\/02\/2025-02-06-16_12_14-Infobric-Construction-Archived-Articles.docx-och-3-sidor-till-Arbete-\u2013-Micro-300x186.png 300w, https:\/\/infobric.com\/se\/wp-content\/uploads\/sites\/29\/2025\/02\/2025-02-06-16_12_14-Infobric-Construction-Archived-Articles.docx-och-3-sidor-till-Arbete-\u2013-Micro-768x477.png 768w, https:\/\/infobric.com\/se\/wp-content\/uploads\/sites\/29\/2025\/02\/2025-02-06-16_12_14-Infobric-Construction-Archived-Articles.docx-och-3-sidor-till-Arbete-\u2013-Micro-600x373.png 600w\" \/>                            <div class=\"read-more-post-item-wrapper\">\n                                <div class=\"read-more-post-item-text-wrapper\">\n                                    <h6 class=\"global-headline global-headline-xs\">Infobric samlar byggbranschens akt\u00f6rer i samtal om arbetsmilj\u00f6 och s\u00e4kerhet<\/h6>\n                                    <p class=\"global-body-light-m\">I samband med V\u00e4rldsarbetsmilj\u00f6dagen den 28 april arrangerar Infobric ett digitalt forum kring s\u00e4kerhet och h\u00e5llbarhet i byggbranschen &#8211; Safe Construction Summit.<\/p>\n                                <\/div>\n                                <a class=\"ib-button-link ib-button-link-light-bg global-body-button \" href=\"https:\/\/infobric.com\/se\/nyheter\/infobric-samlar-byggbranschens-aktorer-i-samtal-om-arbetsmiljo-och-sakerhet\/\"  >\n                                    L\u00e4s mer                                    <svg xmlns=\"http:\/\/www.w3.org\/2000\/svg\" width=\"8\" height=\"11\" viewBox=\"0 0 8 11\" fill=\"none\">\n                                        <path d=\"M2 9.5L6 5.5L2 1.5\" stroke=\"#1D2C38\" stroke-width=\"2.4\" stroke-miterlimit=\"10\" stroke-linecap=\"round\" stroke-linejoin=\"round\"\/>\n                                    <\/svg>\n                                <\/a>\n                            <\/div>\n                        <\/div>\n                                            <div class=\"read-more-post-item\">\n                            <img loading=\"lazy\" width=\"1024\" height=\"683\" src=\"https:\/\/infobric.com\/se\/wp-content\/uploads\/sites\/29\/2026\/02\/4B9A0155-WEBSITE-1024x683.avif\" class=\"attachment-large size-large\" alt=\"N\u00e4rvarokontroll via mobilen\" loading=\"lazy\" decoding=\"async\" sizes=\"(max-width: 767px) 100vw, 33vw\" srcset=\"https:\/\/infobric.com\/se\/wp-content\/uploads\/sites\/29\/2026\/02\/4B9A0155-WEBSITE-1024x683.avif 1024w, https:\/\/infobric.com\/se\/wp-content\/uploads\/sites\/29\/2026\/02\/4B9A0155-WEBSITE-300x200.avif 300w, https:\/\/infobric.com\/se\/wp-content\/uploads\/sites\/29\/2026\/02\/4B9A0155-WEBSITE-768x512.avif 768w, https:\/\/infobric.com\/se\/wp-content\/uploads\/sites\/29\/2026\/02\/4B9A0155-WEBSITE-1536x1024.avif 1536w, https:\/\/infobric.com\/se\/wp-content\/uploads\/sites\/29\/2026\/02\/4B9A0155-WEBSITE-600x400.avif 600w, https:\/\/infobric.com\/se\/wp-content\/uploads\/sites\/29\/2026\/02\/4B9A0155-WEBSITE.avif 2048w\" \/>                            <div class=\"read-more-post-item-wrapper\">\n                                <div class=\"read-more-post-item-text-wrapper\">\n                                    <h6 class=\"global-headline global-headline-xs\">N\u00e4rvarokontroll<\/h6>\n                                    <p class=\"global-body-light-m\">Hantera arbetskraft som \u00e4r ansluten till en specifik arbetsplats. N\u00e4rvaro registreras enkelt med hj\u00e4lp av accesskort, biometri eller app.<\/p>\n                                <\/div>\n                                <a class=\"ib-button-link ib-button-link-light-bg global-body-button \" href=\"https:\/\/infobric.com\/se\/losningar\/narvarokontroll\/\"  >\n                                    L\u00e4s mer                                    <svg xmlns=\"http:\/\/www.w3.org\/2000\/svg\" width=\"8\" height=\"11\" viewBox=\"0 0 8 11\" fill=\"none\">\n                                        <path d=\"M2 9.5L6 5.5L2 1.5\" stroke=\"#1D2C38\" stroke-width=\"2.4\" stroke-miterlimit=\"10\" stroke-linecap=\"round\" stroke-linejoin=\"round\"\/>\n                                    <\/svg>\n                                <\/a>\n                            <\/div>\n                        <\/div>\n                                    <\/div>\n            <\/div>\n        <\/div>\n        \t\t<\/div>\n\t\t\t\t<\/div>\n\t\t\t\t\t<\/div>\n\t\t\t\t<\/div>\n\t\t\t\t<\/div>\n\t\t","protected":false},"excerpt":{"rendered":"<p>Missa inte H\u00e5ll Nollans webinar den 30 mars med Infobric Group. Ingen ska skadas p\u00e5 v\u00e5ra byggen! Den 30 mars kommer Infobric Group att delta i ett webinar med H\u00e5ll Nollan f\u00f6r att presentera hur digitala tj\u00e4nster kan bidra till \u00f6kad s\u00e4kerhet i byggbranschen. Under&#8230;<\/p>\n","protected":false},"author":9,"featured_media":21077,"comment_status":"closed","ping_status":"closed","sticky":false,"template":"","format":"standard","meta":{"_acf_changed":false,"footnotes":""},"categories":[34],"tags":[],"acf":[],"yoast_head":"<!-- This site is optimized with the Yoast SEO Premium plugin v22.5 (Yoast SEO v22.5) - https:\/\/yoast.com\/wordpress\/plugins\/seo\/ -->\n<title>Webinar med H\u00e5ll Nollan och Infobric Group | Infobric<\/title>\n<meta name=\"description\" content=\"Missa inte H\u00e5ll Nollans webinar den 30 mars med Infobric Group om att ingen ska skadas p\u00e5 v\u00e5ra byggen.\" \/>\n<meta name=\"robots\" content=\"index, follow, max-snippet:-1, max-image-preview:large, max-video-preview:-1\" \/>\n<link rel=\"canonical\" href=\"https:\/\/infobric.com\/se\/nyheter\/webinar-med-hall-nollan-och-infobric-group\/\" \/>\n<meta property=\"og:locale\" content=\"sv_SE\" \/>\n<meta property=\"og:type\" content=\"article\" \/>\n<meta property=\"og:title\" content=\"Webinar med H\u00e5ll Nollan och Infobric Group\" \/>\n<meta property=\"og:description\" content=\"Missa inte H\u00e5ll Nollans webinar den 30 mars med Infobric Group om att ingen ska skadas p\u00e5 v\u00e5ra byggen.\" \/>\n<meta property=\"og:url\" content=\"https:\/\/infobric.com\/se\/nyheter\/webinar-med-hall-nollan-och-infobric-group\/\" \/>\n<meta property=\"og:site_name\" content=\"Sweden\" \/>\n<meta property=\"article:published_time\" content=\"2021-03-22T15:18:57+00:00\" \/>\n<meta property=\"article:modified_time\" content=\"2026-02-25T15:24:15+00:00\" \/>\n<meta name=\"author\" content=\"Rebecca Nygren\" \/>\n<meta name=\"twitter:card\" content=\"summary_large_image\" \/>\n<script type=\"application\/ld+json\" class=\"yoast-schema-graph\">{\"@context\":\"https:\/\/schema.org\",\"@graph\":[{\"@type\":\"WebPage\",\"@id\":\"https:\/\/infobric.com\/se\/nyheter\/webinar-med-hall-nollan-och-infobric-group\/\",\"url\":\"https:\/\/infobric.com\/se\/nyheter\/webinar-med-hall-nollan-och-infobric-group\/\",\"name\":\"Webinar med H\u00e5ll Nollan och Infobric Group | Infobric\",\"isPartOf\":{\"@id\":\"https:\/\/infobric.com\/se\/#website\"},\"primaryImageOfPage\":{\"@id\":\"https:\/\/infobric.com\/se\/nyheter\/webinar-med-hall-nollan-och-infobric-group\/#primaryimage\"},\"image\":{\"@id\":\"https:\/\/infobric.com\/se\/nyheter\/webinar-med-hall-nollan-och-infobric-group\/#primaryimage\"},\"thumbnailUrl\":\"https:\/\/infobric.com\/se\/wp-content\/uploads\/sites\/29\/2021\/03\/B2A2781-WEBSITE.avif\",\"datePublished\":\"2021-03-22T15:18:57+00:00\",\"dateModified\":\"2026-02-25T15:24:15+00:00\",\"author\":{\"@id\":\"https:\/\/infobric.com\/se\/#\/schema\/person\/9f4e00cf6fcae0e76877e28c02c58850\"},\"description\":\"Missa inte H\u00e5ll Nollans webinar den 30 mars med Infobric Group om att ingen ska skadas p\u00e5 v\u00e5ra byggen.\",\"breadcrumb\":{\"@id\":\"https:\/\/infobric.com\/se\/nyheter\/webinar-med-hall-nollan-och-infobric-group\/#breadcrumb\"},\"inLanguage\":\"sv-SE\",\"potentialAction\":[{\"@type\":\"ReadAction\",\"target\":[\"https:\/\/infobric.com\/se\/nyheter\/webinar-med-hall-nollan-och-infobric-group\/\"]}]},{\"@type\":\"ImageObject\",\"inLanguage\":\"sv-SE\",\"@id\":\"https:\/\/infobric.com\/se\/nyheter\/webinar-med-hall-nollan-och-infobric-group\/#primaryimage\",\"url\":\"https:\/\/infobric.com\/se\/wp-content\/uploads\/sites\/29\/2021\/03\/B2A2781-WEBSITE.avif\",\"contentUrl\":\"https:\/\/infobric.com\/se\/wp-content\/uploads\/sites\/29\/2021\/03\/B2A2781-WEBSITE.avif\",\"width\":2048,\"height\":1365,\"caption\":\"byggarbetare i f\u00f6rgrunden och byggarbetsplats i fokus i bakgrunden.\"},{\"@type\":\"BreadcrumbList\",\"@id\":\"https:\/\/infobric.com\/se\/nyheter\/webinar-med-hall-nollan-och-infobric-group\/#breadcrumb\",\"itemListElement\":[{\"@type\":\"ListItem\",\"position\":1,\"name\":\"Home\",\"item\":\"https:\/\/infobric.com\/se\/\"},{\"@type\":\"ListItem\",\"position\":2,\"name\":\"Webinar med H\u00e5ll Nollan och Infobric Group\"}]},{\"@type\":\"WebSite\",\"@id\":\"https:\/\/infobric.com\/se\/#website\",\"url\":\"https:\/\/infobric.com\/se\/\",\"name\":\"Sweden\",\"description\":\"\",\"alternateName\":\"infobric SE\",\"potentialAction\":[{\"@type\":\"SearchAction\",\"target\":{\"@type\":\"EntryPoint\",\"urlTemplate\":\"https:\/\/infobric.com\/se\/?s={search_term_string}\"},\"query-input\":\"required name=search_term_string\"}],\"inLanguage\":\"sv-SE\"},{\"@type\":\"ImageObject\",\"inLanguage\":\"sv-SE\",\"@id\":\"https:\/\/infobric.com\/se\/nyheter\/webinar-med-hall-nollan-och-infobric-group\/#local-main-organization-logo\",\"url\":\"\",\"contentUrl\":\"\",\"caption\":\"Infobric\"}]}<\/script>\n<!-- \/ Yoast SEO Premium plugin. -->","yoast_head_json":{"title":"Webinar med H\u00e5ll Nollan och Infobric Group | Infobric","description":"Missa inte H\u00e5ll Nollans webinar den 30 mars med Infobric Group om att ingen ska skadas p\u00e5 v\u00e5ra byggen.","robots":{"index":"index","follow":"follow","max-snippet":"max-snippet:-1","max-image-preview":"max-image-preview:large","max-video-preview":"max-video-preview:-1"},"canonical":"https:\/\/infobric.com\/se\/nyheter\/webinar-med-hall-nollan-och-infobric-group\/","og_locale":"sv_SE","og_type":"article","og_title":"Webinar med H\u00e5ll Nollan och Infobric Group","og_description":"Missa inte H\u00e5ll Nollans webinar den 30 mars med Infobric Group om att ingen ska skadas p\u00e5 v\u00e5ra byggen.","og_url":"https:\/\/infobric.com\/se\/nyheter\/webinar-med-hall-nollan-och-infobric-group\/","og_site_name":"Sweden","article_published_time":"2021-03-22T15:18:57+00:00","article_modified_time":"2026-02-25T15:24:15+00:00","author":"Rebecca Nygren","twitter_card":"summary_large_image","schema":{"@context":"https:\/\/schema.org","@graph":[{"@type":"WebPage","@id":"https:\/\/infobric.com\/se\/nyheter\/webinar-med-hall-nollan-och-infobric-group\/","url":"https:\/\/infobric.com\/se\/nyheter\/webinar-med-hall-nollan-och-infobric-group\/","name":"Webinar med H\u00e5ll Nollan och Infobric Group | Infobric","isPartOf":{"@id":"https:\/\/infobric.com\/se\/#website"},"primaryImageOfPage":{"@id":"https:\/\/infobric.com\/se\/nyheter\/webinar-med-hall-nollan-och-infobric-group\/#primaryimage"},"image":{"@id":"https:\/\/infobric.com\/se\/nyheter\/webinar-med-hall-nollan-och-infobric-group\/#primaryimage"},"thumbnailUrl":"https:\/\/infobric.com\/se\/wp-content\/uploads\/sites\/29\/2021\/03\/B2A2781-WEBSITE.avif","datePublished":"2021-03-22T15:18:57+00:00","dateModified":"2026-02-25T15:24:15+00:00","author":{"@id":"https:\/\/infobric.com\/se\/#\/schema\/person\/9f4e00cf6fcae0e76877e28c02c58850"},"description":"Missa inte H\u00e5ll Nollans webinar den 30 mars med Infobric Group om att ingen ska skadas p\u00e5 v\u00e5ra byggen.","breadcrumb":{"@id":"https:\/\/infobric.com\/se\/nyheter\/webinar-med-hall-nollan-och-infobric-group\/#breadcrumb"},"inLanguage":"sv-SE","potentialAction":[{"@type":"ReadAction","target":["https:\/\/infobric.com\/se\/nyheter\/webinar-med-hall-nollan-och-infobric-group\/"]}]},{"@type":"ImageObject","inLanguage":"sv-SE","@id":"https:\/\/infobric.com\/se\/nyheter\/webinar-med-hall-nollan-och-infobric-group\/#primaryimage","url":"https:\/\/infobric.com\/se\/wp-content\/uploads\/sites\/29\/2021\/03\/B2A2781-WEBSITE.avif","contentUrl":"https:\/\/infobric.com\/se\/wp-content\/uploads\/sites\/29\/2021\/03\/B2A2781-WEBSITE.avif","width":2048,"height":1365,"caption":"byggarbetare i f\u00f6rgrunden och byggarbetsplats i fokus i bakgrunden."},{"@type":"BreadcrumbList","@id":"https:\/\/infobric.com\/se\/nyheter\/webinar-med-hall-nollan-och-infobric-group\/#breadcrumb","itemListElement":[{"@type":"ListItem","position":1,"name":"Home","item":"https:\/\/infobric.com\/se\/"},{"@type":"ListItem","position":2,"name":"Webinar med H\u00e5ll Nollan och Infobric Group"}]},{"@type":"WebSite","@id":"https:\/\/infobric.com\/se\/#website","url":"https:\/\/infobric.com\/se\/","name":"Sweden","description":"","alternateName":"infobric SE","potentialAction":[{"@type":"SearchAction","target":{"@type":"EntryPoint","urlTemplate":"https:\/\/infobric.com\/se\/?s={search_term_string}"},"query-input":"required name=search_term_string"}],"inLanguage":"sv-SE"},{"@type":"ImageObject","inLanguage":"sv-SE","@id":"https:\/\/infobric.com\/se\/nyheter\/webinar-med-hall-nollan-och-infobric-group\/#local-main-organization-logo","url":"","contentUrl":"","caption":"Infobric"}]}},"_links":{"self":[{"href":"https:\/\/infobric.com\/se\/wp-json\/wp\/v2\/posts\/10041"}],"collection":[{"href":"https:\/\/infobric.com\/se\/wp-json\/wp\/v2\/posts"}],"about":[{"href":"https:\/\/infobric.com\/se\/wp-json\/wp\/v2\/types\/post"}],"author":[{"embeddable":true,"href":"https:\/\/infobric.com\/se\/wp-json\/wp\/v2\/users\/9"}],"replies":[{"embeddable":true,"href":"https:\/\/infobric.com\/se\/wp-json\/wp\/v2\/comments?post=10041"}],"version-history":[{"count":8,"href":"https:\/\/infobric.com\/se\/wp-json\/wp\/v2\/posts\/10041\/revisions"}],"predecessor-version":[{"id":27824,"href":"https:\/\/infobric.com\/se\/wp-json\/wp\/v2\/posts\/10041\/revisions\/27824"}],"wp:featuredmedia":[{"embeddable":true,"href":"https:\/\/infobric.com\/se\/wp-json\/wp\/v2\/media\/21077"}],"wp:attachment":[{"href":"https:\/\/infobric.com\/se\/wp-json\/wp\/v2\/media?parent=10041"}],"wp:term":[{"taxonomy":"category","embeddable":true,"href":"https:\/\/infobric.com\/se\/wp-json\/wp\/v2\/categories?post=10041"},{"taxonomy":"post_tag","embeddable":true,"href":"https:\/\/infobric.com\/se\/wp-json\/wp\/v2\/tags?post=10041"}],"curies":[{"name":"wp","href":"https:\/\/api.w.org\/{rel}","templated":true}]}}