{"id":10067,"date":"2018-04-11T04:34:49","date_gmt":"2018-04-11T04:34:49","guid":{"rendered":"https:\/\/infobric.se\/workforce\/?p=10067"},"modified":"2026-02-25T14:43:16","modified_gmt":"2026-02-25T14:43:16","slug":"veidekkes-huvudskyddsombud-sakrar-sergelhuset-med-infobric-field","status":"publish","type":"post","link":"https:\/\/infobric.com\/se\/kundberattelser\/veidekkes-huvudskyddsombud-sakrar-sergelhuset-med-infobric-field\/","title":{"rendered":"Veidekkes huvudskyddsombud s\u00e4krar Sergelhuset med Infobric Field"},"content":{"rendered":"\t\t<div data-elementor-type=\"wp-post\" data-elementor-id=\"10067\" class=\"elementor elementor-10067\" data-elementor-post-type=\"post\">\n\t\t\t\t<div class=\"elementor-element elementor-element-392c2c0 e-flex e-con-boxed e-con e-parent\" data-id=\"392c2c0\" data-element_type=\"container\">\n\t\t\t\t\t<div class=\"e-con-inner\">\n\t\t\t\t<div class=\"elementor-element elementor-element-83a5d06 elementor-widget elementor-widget-infobric_article_intro\" data-id=\"83a5d06\" data-element_type=\"widget\" data-widget_type=\"infobric_article_intro.default\">\n\t\t\t\t<div class=\"elementor-widget-container\">\n\t\t\t        <div class=\"article-intro-block\">\n            <div class=\"article-intro-wrapper\">\n                <div class=\"article-intro-content\">\n                    <p class=\"global-body-light-m\">I hj\u00e4rtat av Stockholm p\u00e5g\u00e5r den omfattande ombyggnationen av Sergelhuset. Tre huskroppar ska genomg\u00e5 en total transformation och sedan starten anv\u00e4nder projektet Infobric Field f\u00f6r att arbeta b\u00e5de s\u00e4kert och effektivt. Vi har pratat med Veidekkes regionala huvudskyddsombud p\u00e5 plats \u2013 Jonas Ekstr\u00f6m.<\/p>\n                    <img fetchpriority=\"high\" width=\"750\" height=\"485\" src=\"https:\/\/infobric.com\/se\/wp-content\/uploads\/sites\/29\/2018\/04\/NO_Construction_Startbank_2_1_50.avif\" class=\"attachment-large size-large\" alt=\"vy ovanifr\u00e5n byggarbetsplats\" fetchpriority=\"high\" loading=\"eager\" decoding=\"async\" sizes=\"(max-width: 768px) 100vw, 600px\" srcset=\"https:\/\/infobric.com\/se\/wp-content\/uploads\/sites\/29\/2018\/04\/NO_Construction_Startbank_2_1_50.avif 750w, https:\/\/infobric.com\/se\/wp-content\/uploads\/sites\/29\/2018\/04\/NO_Construction_Startbank_2_1_50-300x194.avif 300w, https:\/\/infobric.com\/se\/wp-content\/uploads\/sites\/29\/2018\/04\/NO_Construction_Startbank_2_1_50-600x388.avif 600w\" \/>                <\/div>\n            <\/div>\n        <\/div>\n        \t\t<\/div>\n\t\t\t\t<\/div>\n\t\t\t\t\t<\/div>\n\t\t\t\t<\/div>\n\t\t<div class=\"elementor-element elementor-element-a502ba2 e-flex e-con-boxed e-con e-parent\" data-id=\"a502ba2\" data-element_type=\"container\">\n\t\t\t\t\t<div class=\"e-con-inner\">\n\t\t\t\t<div class=\"elementor-element elementor-element-6b2a329 elementor-widget elementor-widget-infobric_article_text\" data-id=\"6b2a329\" data-element_type=\"widget\" data-widget_type=\"infobric_article_text.default\">\n\t\t\t\t<div class=\"elementor-widget-container\">\n\t\t\t        <div class=\"article-text-wrapper\">\n            <div class=\"article-text-content\">\n                <p>Precis intill Sergels torg bygger Vasakronan om sin fastighet Sergelhuset. Under det tre \u00e5r l\u00e5nga projektet ska 86 000 kvadratmeter utvecklas till hotell, bost\u00e4der, kontor och handel. Veidekke, Zengun, NCC och Ramirent ansvarar f\u00f6r de olika entreprenaderna som angr\u00e4nsar till varandra.<\/p><h2>H\u00f6ga krav p\u00e5 arbetsmilj\u00f6n.<\/h2><p>Det \u00e4r ett stort och komplext projekt med m\u00e5nga akt\u00f6rer som ska samarbeta p\u00e5 en v\u00e4ldigt begr\u00e4nsad yta. Att det \u00e4ven ligger p\u00e5 en av Stockholms mest trafikerade adresser g\u00f6r att det st\u00e4lls v\u00e4ldigt h\u00f6ga krav p\u00e5 arbetsmilj\u00f6n. En av de som arbetar med s\u00e4kra att arbetsmilj\u00f6arbetet flyter p\u00e5 \u00e4r Jonas Ekstr\u00f6m, huvudskyddsombud p\u00e5 Veidekke.<\/p><p>\u2013 Jag arbetar med att se till att alla som \u00e4r inne p\u00e5 omr\u00e5det f\u00f6ljer v\u00e5ra ordnings- och skyddsregler. Jag informerar om hur man arbetar s\u00e4kert och f\u00f6ljer upp att alla reglerna efterlevs. Om alla kommer hem p\u00e5 kv\u00e4llen utan skador \u00e4r mitt jobb gjort, ber\u00e4ttar Jonas.<\/p><p>Rollen som huvudskyddsombud handlar mycket om att lyckas involvera alla i projektet i s\u00e4kerhetskulturen och se till att alla f\u00f6rst\u00e5r hur, och framf\u00f6r allt varf\u00f6r, de ska arbeta s\u00e4kert.<\/p><p>\u2013 Det handlar om att se till att alla hj\u00e4lps \u00e5t att p\u00e5peka och \u00e5tg\u00e4rda os\u00e4kerheter. F\u00f6r att det ska fungera \u00e4r det v\u00e4ldigt viktigt att hela tiden f\u00f6rklara varf\u00f6r vi har de regler vi har. F\u00f6rst\u00e5r man inte varf\u00f6r man ska arbeta s\u00e4kert g\u00f6r man det inte.<\/p><h2>Involvering extra viktigt i stora projekt.<\/h2><p>Ett komplext projekt som Sergelhuset inneb\u00e4r m\u00e5nga utmaningar. I och med att det \u00e4r s\u00e5 m\u00e5nga underentrepren\u00f6rer som ska utf\u00f6ra olika arbeten samtidigt g\u00e4ller det att se till att samarbetet fungerar v\u00e4l och att alla t\u00e4nker s\u00e4kerhet. Involvering \u00e4r en viktig del i detta arbete ber\u00e4ttar Jonas.<\/p><p>\u2013 Jag vill att underentrepren\u00f6rer ska vara lika involverade i detta projekt som jag \u00e4r och k\u00e4nner stolthet i att ha varit med i det h\u00e4r projektet.<\/p><p>F\u00f6r tillf\u00e4llet \u00e4r cirka 80 personer aktiva p\u00e5 Veidekkes entreprenad, en siffra som kommer v\u00e4xa markant efter att rivningsarbetet \u00e4r f\u00e4rdigt. Just nu monteras en 107-meter h\u00f6g kran under nattetid och 180 byggbodar byggs p\u00e5 Sveav\u00e4gen inf\u00f6r det att projektet g\u00e5r in i n\u00e4sta fas.<\/p><p>\u2013 Planering \u00e4r A och O. Det \u00e4r viktigt att hela tiden h\u00e5lla ett helhetsgrepp \u00f6ver allt som sker f\u00f6r att undvika olyckor och f\u00f6rseningar, s\u00e4ger Jonas.<\/p><h2>Infobric Field \u2013 navet f\u00f6r arbetsmilj\u00f6arbetet p\u00e5 Sergelhuset.<\/h2><p>Sedan projektet startade under sommaren 2017 har samtliga entreprenader anv\u00e4nt Infobric Field f\u00f6r att h\u00e5lla koll p\u00e5 s\u00e4kerheten, effektivisera samordningen och korta ner ledtider. Verktyget anv\u00e4nds f\u00f6r all avvikelsehantering samt f\u00f6r rapportering och uppf\u00f6ljning av observationer, tillbud och olyckor.<\/p>            <\/div>\n        <\/div>\n        \t\t<\/div>\n\t\t\t\t<\/div>\n\t\t\t\t<div class=\"elementor-element elementor-element-9d95d55 elementor-widget elementor-widget-infobric_article_quote\" data-id=\"9d95d55\" data-element_type=\"widget\" data-widget_type=\"infobric_article_quote.default\">\n\t\t\t\t<div class=\"elementor-widget-container\">\n\t\t\t        <div class=\"article-quote-wrapper\">\n            <div class=\"article-quote-content\">\n                <blockquote class=\"article-quote-text article-quote\">\n                    \"\u2013 Vi anv\u00e4nder Infobric Field dagligen. Det anv\u00e4nds b\u00e5de f\u00f6r v\u00e5ra egna ronder och f\u00f6r gemensamma skydds-, etablerings- och milj\u00f6ronder med de \u00f6vriga entrepren\u00f6rerna. Alla rapporterar och kommunicerar i samma format\"\"\n                <\/blockquote>\n                <cite class=\"article-quote-author article-quote-from\">\n                    \u2013 Jonas Ekstr\u00f6m, huvudskyddsombud Veidekke                <\/cite>\n            <\/div>\n        <\/div>\n        \t\t<\/div>\n\t\t\t\t<\/div>\n\t\t\t\t\t<\/div>\n\t\t\t\t<\/div>\n\t\t<div class=\"elementor-element elementor-element-4af2892 e-flex e-con-boxed e-con e-parent\" data-id=\"4af2892\" data-element_type=\"container\">\n\t\t\t\t\t<div class=\"e-con-inner\">\n\t\t\t\t<div class=\"elementor-element elementor-element-f9f4389 elementor-widget elementor-widget-infobric_article_text\" data-id=\"f9f4389\" data-element_type=\"widget\" data-widget_type=\"infobric_article_text.default\">\n\t\t\t\t<div class=\"elementor-widget-container\">\n\t\t\t        <div class=\"article-text-wrapper\">\n            <div class=\"article-text-content\">\n                <h2>R\u00e4tt information till r\u00e4tt person \u2013 direkt.<\/h2><p>Jonas \u00e4r n\u00f6jd med hur det fungerar j\u00e4mf\u00f6rt med hur han arbetat tidigare p\u00e5 andra projekt.<\/p><p>\u2013 Med Infobric Field f\u00e5r vi ut r\u00e4tt information, till r\u00e4tt person \u2013 direkt. Man kan skriva hur m\u00e5nga skyddsrondsprotokoll som helst \u2013 det \u00e4r ingen som har n\u00e5gon aning om vad som ska g\u00f6ras. Nu s\u00e4krar vi ist\u00e4llet att informationen kommer ut direkt till de ansvariga. Jag \u00e4r imponerad \u00f6ver hur bra det fungerar.<\/p><p>Arbetsmilj\u00f6n har ett stort fokus p\u00e5 Veidekke. Varje m\u00f6te inleds med att prata om HMS: H\u00e4lsa, Milj\u00f6 och S\u00e4kerhet. Det samma g\u00e4ller f\u00f6r BAS-m\u00f6tena p\u00e5 Veidekkes entreprenad.<\/p><p>\u2013 M\u00f6tena har blivit mycket tydligare sedan vi b\u00f6rjade arbeta med Infobric Field. Vi kan tydligt och visuellt se alla nyckeltal som visar hur vi ligger till med avvikelsehanteringen. Det \u00f6ppnar f\u00f6r en bra diskussion och skapar en tydlighet i vad vi m\u00e5ste fokusera p\u00e5, ber\u00e4ttar Jonas.<\/p><h2>Underl\u00e4ttar utv\u00e4rdering och prioritering.<\/h2><p>Som huvudskyddsombud g\u00e4ller det att hela tiden utv\u00e4rdera hur de olika bolagen och individerna sk\u00f6ter sitt arbetsmilj\u00f6arbete.<\/p><p>\u2013 Infobric Field bidrar till en helt annan sp\u00e5rbarhet \u00e4n vi haft tidigare. Jag f\u00e5r tydliga bevis, svart p\u00e5 vitt, om n\u00e5gon inte sk\u00f6ter sig och kan p\u00e5 s\u00e5 s\u00e4tt prioritera mitt arbete b\u00e4ttre, beskriver Jonas.<\/p><p>Jonas beskriver \u00e4ven hur Infobric Field har skapat ett starkare samarbete med best\u00e4llaren, Vasakronan.<\/p><p>\u2013 Vasakronan \u00e4r aktiva i Infobric Field och kan f\u00f6lja arbetet. Det st\u00e4rker samarbetet och bidrar till \u00f6kad transparens och involvering. De \u00e4r tacksamma f\u00f6r att de kan se att vi f\u00f6ljer planen och det \u00e4r ett bra s\u00e4tt f\u00f6r oss att visa att vi g\u00f6r ett bra jobb.<\/p><p><strong>Skulle du vilja rekommendera Infobric Field till dina branschkollegor?<\/strong><br \/>\u2013 Absolut. Inte en tvekan i det svaret. Jag fick sj\u00e4lv Infobric Field rekommenderat av mina kollegor p\u00e5 ett av Veidekkes projekt i H\u00f6gdalen och \u00e4r v\u00e4ldigt glad \u00f6ver att nu sj\u00e4lv f\u00e5 anv\u00e4nda det. Det f\u00f6renklar mitt arbete v\u00e4ldigt mycket och jag \u00e4r \u00f6vertygad om att det skulle hj\u00e4lpa fler bolag. Man beh\u00f6ver det h\u00e4r f\u00f6r att h\u00e5lla koll, avslutar Jonas.<\/p><p>Vi tackar Jonas f\u00f6r den h\u00e4r intervjun och ser fram ett fortsatt bra samarbete med b\u00e5de Veidekke och resten av projektorganisationen p\u00e5 Sergelhuset.<\/p><p><strong>M\u00e5nga projekt anv\u00e4nder Infobric Field<\/strong><br \/>Visste du att Infobric Field \u00e4ven anv\u00e4nds p\u00e5 det stora projektet tv\u00e4rs \u00f6ver gatan fr\u00e5n Sergelhuset? <a href=\"https:\/\/infobric.com\/se\/kundberattelser\/arbetsmiljo-i-fokus-pa-urban-escape\/\">H\u00e4r kan du l\u00e4sa om hur Urban Escape (nya Gallerian) arbetar med arbetsmilj\u00f6.<\/a><\/p>            <\/div>\n        <\/div>\n        \t\t<\/div>\n\t\t\t\t<\/div>\n\t\t\t\t\t<\/div>\n\t\t\t\t<\/div>\n\t\t<div class=\"elementor-element elementor-element-df80d6f e-flex e-con-boxed e-con e-parent\" data-id=\"df80d6f\" data-element_type=\"container\">\n\t\t\t\t\t<div class=\"e-con-inner\">\n\t\t\t\t<div class=\"elementor-element elementor-element-dd85b56 elementor-widget elementor-widget-infobric_article_cta\" data-id=\"dd85b56\" data-element_type=\"widget\" data-widget_type=\"infobric_article_cta.default\">\n\t\t\t\t<div class=\"elementor-widget-container\">\n\t\t\t        <div class=\"article-cta-block\">\n            <div class=\"article-cta-content-wrapper\">\n                                    <div class=\"article-cta-content-link\">\n                        <div class=\"article-cta-image-wrapper\">\n                            <img loading=\"lazy\" width=\"300\" height=\"200\" src=\"https:\/\/infobric.com\/se\/wp-content\/uploads\/sites\/29\/2023\/12\/B2A4832-WEBSITE-300x200.avif\" class=\"article-cta-image\" alt=\"kvinna med mobil\" loading=\"lazy\" decoding=\"async\" sizes=\"(max-width: 768px) 100vw, 187px\" srcset=\"https:\/\/infobric.com\/se\/wp-content\/uploads\/sites\/29\/2023\/12\/B2A4832-WEBSITE-300x200.avif 300w, https:\/\/infobric.com\/se\/wp-content\/uploads\/sites\/29\/2023\/12\/B2A4832-WEBSITE-1024x683.avif 1024w, https:\/\/infobric.com\/se\/wp-content\/uploads\/sites\/29\/2023\/12\/B2A4832-WEBSITE-768x512.avif 768w, https:\/\/infobric.com\/se\/wp-content\/uploads\/sites\/29\/2023\/12\/B2A4832-WEBSITE-1536x1024.avif 1536w, https:\/\/infobric.com\/se\/wp-content\/uploads\/sites\/29\/2023\/12\/B2A4832-WEBSITE-600x400.avif 600w, https:\/\/infobric.com\/se\/wp-content\/uploads\/sites\/29\/2023\/12\/B2A4832-WEBSITE.avif 2048w\" \/>                        <\/div>\n\n                        <div class=\"article-cta-link-text-cta-wrapper\">\n                            <div class=\"article-cta-link-text-wrapper\">\n                                <h4 class=\"global-body-bold-m\">Nyfiken p\u00e5 att veta mer?<\/h4>\n                                <p class=\"global-body-light-m\">L\u00e4s g\u00e4rna mer om hur Infobric Field fungerar p\u00e5 v\u00e5r hemsida. Tveka inte att h\u00f6ra av dig om du vill boka en demonstration av hur verktyget skulle kunna fungera i dina projekt.<\/p>\n                            <\/div>\n                            <a href=\"https:\/\/infobric.com\/se\/produkter\/field\/\" class=\"ib-button-primary\">\n                                <div class=\"ib-button-primary-wrapper\">\n                                    <div class=\"ib-button-primary-btn-text global-body-button\">L\u00e4s mer om Infobric Field<\/div>\n                                    <div class=\"ib-button-primary-btn-text-abs global-body-button\">L\u00e4s mer om Infobric Field<\/div>\n                                <\/div>\n                            <\/a>\n                        <\/div>\n                    <\/div>\n\n                            <\/div>\n        <\/div>\n        \t\t<\/div>\n\t\t\t\t<\/div>\n\t\t\t\t\t<\/div>\n\t\t\t\t<\/div>\n\t\t\t\t<\/div>\n\t\t","protected":false},"excerpt":{"rendered":"<p>I hj\u00e4rtat av Stockholm p\u00e5g\u00e5r den omfattande ombyggnationen av Sergelhuset. Tre huskroppar ska genomg\u00e5 en total transformation och sedan starten anv\u00e4nder projektet Infobric Field f\u00f6r att arbeta b\u00e5de s\u00e4kert och effektivt. Vi har pratat med Veidekkes regionala huvudskyddsombud p\u00e5 plats \u2013 Jonas Ekstr\u00f6m. Precis intill&#8230;<\/p>\n","protected":false},"author":9,"featured_media":21310,"comment_status":"closed","ping_status":"closed","sticky":false,"template":"","format":"standard","meta":{"_acf_changed":false,"footnotes":""},"categories":[33],"tags":[],"acf":[],"yoast_head":"<!-- This site is optimized with the Yoast SEO Premium plugin v22.5 (Yoast SEO v22.5) - https:\/\/yoast.com\/wordpress\/plugins\/seo\/ -->\n<title>Veidekkes huvudskyddsombud s\u00e4krar Sergelhuset med Infobric Field | Infobric<\/title>\n<meta name=\"description\" content=\"Veidekke anv\u00e4nder Infobric Field f\u00f6r att s\u00e4kerst\u00e4lla arbetsmilj\u00f6n vid ombyggnaden av Sergelhuset i Stockholm.\" \/>\n<meta name=\"robots\" content=\"index, follow, max-snippet:-1, max-image-preview:large, max-video-preview:-1\" \/>\n<link rel=\"canonical\" href=\"https:\/\/infobric.com\/se\/kundberattelser\/veidekkes-huvudskyddsombud-sakrar-sergelhuset-med-infobric-field\/\" \/>\n<meta property=\"og:locale\" content=\"sv_SE\" \/>\n<meta property=\"og:type\" content=\"article\" \/>\n<meta property=\"og:title\" content=\"Veidekkes huvudskyddsombud s\u00e4krar Sergelhuset med Infobric Field\" \/>\n<meta property=\"og:description\" content=\"Veidekke anv\u00e4nder Infobric Field f\u00f6r att s\u00e4kerst\u00e4lla arbetsmilj\u00f6n vid ombyggnaden av Sergelhuset i Stockholm.\" \/>\n<meta property=\"og:url\" content=\"https:\/\/infobric.com\/se\/kundberattelser\/veidekkes-huvudskyddsombud-sakrar-sergelhuset-med-infobric-field\/\" \/>\n<meta property=\"og:site_name\" content=\"Sweden\" \/>\n<meta property=\"article:published_time\" content=\"2018-04-11T04:34:49+00:00\" \/>\n<meta property=\"article:modified_time\" content=\"2026-02-25T14:43:16+00:00\" \/>\n<meta name=\"author\" content=\"Rebecca Nygren\" \/>\n<meta name=\"twitter:card\" content=\"summary_large_image\" \/>\n<script type=\"application\/ld+json\" class=\"yoast-schema-graph\">{\"@context\":\"https:\/\/schema.org\",\"@graph\":[{\"@type\":\"WebPage\",\"@id\":\"https:\/\/infobric.com\/se\/kundberattelser\/veidekkes-huvudskyddsombud-sakrar-sergelhuset-med-infobric-field\/\",\"url\":\"https:\/\/infobric.com\/se\/kundberattelser\/veidekkes-huvudskyddsombud-sakrar-sergelhuset-med-infobric-field\/\",\"name\":\"Veidekkes huvudskyddsombud s\u00e4krar Sergelhuset med Infobric Field | Infobric\",\"isPartOf\":{\"@id\":\"https:\/\/infobric.com\/se\/#website\"},\"primaryImageOfPage\":{\"@id\":\"https:\/\/infobric.com\/se\/kundberattelser\/veidekkes-huvudskyddsombud-sakrar-sergelhuset-med-infobric-field\/#primaryimage\"},\"image\":{\"@id\":\"https:\/\/infobric.com\/se\/kundberattelser\/veidekkes-huvudskyddsombud-sakrar-sergelhuset-med-infobric-field\/#primaryimage\"},\"thumbnailUrl\":\"https:\/\/infobric.com\/se\/wp-content\/uploads\/sites\/29\/2018\/04\/NO_Construction_Startbank_2_1_50.avif\",\"datePublished\":\"2018-04-11T04:34:49+00:00\",\"dateModified\":\"2026-02-25T14:43:16+00:00\",\"author\":{\"@id\":\"https:\/\/infobric.com\/se\/#\/schema\/person\/9f4e00cf6fcae0e76877e28c02c58850\"},\"description\":\"Veidekke anv\u00e4nder Infobric Field f\u00f6r att s\u00e4kerst\u00e4lla arbetsmilj\u00f6n vid ombyggnaden av Sergelhuset i Stockholm.\",\"breadcrumb\":{\"@id\":\"https:\/\/infobric.com\/se\/kundberattelser\/veidekkes-huvudskyddsombud-sakrar-sergelhuset-med-infobric-field\/#breadcrumb\"},\"inLanguage\":\"sv-SE\",\"potentialAction\":[{\"@type\":\"ReadAction\",\"target\":[\"https:\/\/infobric.com\/se\/kundberattelser\/veidekkes-huvudskyddsombud-sakrar-sergelhuset-med-infobric-field\/\"]}]},{\"@type\":\"ImageObject\",\"inLanguage\":\"sv-SE\",\"@id\":\"https:\/\/infobric.com\/se\/kundberattelser\/veidekkes-huvudskyddsombud-sakrar-sergelhuset-med-infobric-field\/#primaryimage\",\"url\":\"https:\/\/infobric.com\/se\/wp-content\/uploads\/sites\/29\/2018\/04\/NO_Construction_Startbank_2_1_50.avif\",\"contentUrl\":\"https:\/\/infobric.com\/se\/wp-content\/uploads\/sites\/29\/2018\/04\/NO_Construction_Startbank_2_1_50.avif\",\"width\":750,\"height\":485,\"caption\":\"vy ovanifr\u00e5n byggarbetsplats\"},{\"@type\":\"BreadcrumbList\",\"@id\":\"https:\/\/infobric.com\/se\/kundberattelser\/veidekkes-huvudskyddsombud-sakrar-sergelhuset-med-infobric-field\/#breadcrumb\",\"itemListElement\":[{\"@type\":\"ListItem\",\"position\":1,\"name\":\"Home\",\"item\":\"https:\/\/infobric.com\/se\/\"},{\"@type\":\"ListItem\",\"position\":2,\"name\":\"Veidekkes huvudskyddsombud s\u00e4krar Sergelhuset med Infobric Field\"}]},{\"@type\":\"WebSite\",\"@id\":\"https:\/\/infobric.com\/se\/#website\",\"url\":\"https:\/\/infobric.com\/se\/\",\"name\":\"Sweden\",\"description\":\"\",\"alternateName\":\"infobric SE\",\"potentialAction\":[{\"@type\":\"SearchAction\",\"target\":{\"@type\":\"EntryPoint\",\"urlTemplate\":\"https:\/\/infobric.com\/se\/?s={search_term_string}\"},\"query-input\":\"required name=search_term_string\"}],\"inLanguage\":\"sv-SE\"},{\"@type\":\"ImageObject\",\"inLanguage\":\"sv-SE\",\"@id\":\"https:\/\/infobric.com\/se\/kundberattelser\/veidekkes-huvudskyddsombud-sakrar-sergelhuset-med-infobric-field\/#local-main-organization-logo\",\"url\":\"\",\"contentUrl\":\"\",\"caption\":\"Infobric\"}]}<\/script>\n<!-- \/ Yoast SEO Premium plugin. -->","yoast_head_json":{"title":"Veidekkes huvudskyddsombud s\u00e4krar Sergelhuset med Infobric Field | Infobric","description":"Veidekke anv\u00e4nder Infobric Field f\u00f6r att s\u00e4kerst\u00e4lla arbetsmilj\u00f6n vid ombyggnaden av Sergelhuset i Stockholm.","robots":{"index":"index","follow":"follow","max-snippet":"max-snippet:-1","max-image-preview":"max-image-preview:large","max-video-preview":"max-video-preview:-1"},"canonical":"https:\/\/infobric.com\/se\/kundberattelser\/veidekkes-huvudskyddsombud-sakrar-sergelhuset-med-infobric-field\/","og_locale":"sv_SE","og_type":"article","og_title":"Veidekkes huvudskyddsombud s\u00e4krar Sergelhuset med Infobric Field","og_description":"Veidekke anv\u00e4nder Infobric Field f\u00f6r att s\u00e4kerst\u00e4lla arbetsmilj\u00f6n vid ombyggnaden av Sergelhuset i Stockholm.","og_url":"https:\/\/infobric.com\/se\/kundberattelser\/veidekkes-huvudskyddsombud-sakrar-sergelhuset-med-infobric-field\/","og_site_name":"Sweden","article_published_time":"2018-04-11T04:34:49+00:00","article_modified_time":"2026-02-25T14:43:16+00:00","author":"Rebecca Nygren","twitter_card":"summary_large_image","schema":{"@context":"https:\/\/schema.org","@graph":[{"@type":"WebPage","@id":"https:\/\/infobric.com\/se\/kundberattelser\/veidekkes-huvudskyddsombud-sakrar-sergelhuset-med-infobric-field\/","url":"https:\/\/infobric.com\/se\/kundberattelser\/veidekkes-huvudskyddsombud-sakrar-sergelhuset-med-infobric-field\/","name":"Veidekkes huvudskyddsombud s\u00e4krar Sergelhuset med Infobric Field | Infobric","isPartOf":{"@id":"https:\/\/infobric.com\/se\/#website"},"primaryImageOfPage":{"@id":"https:\/\/infobric.com\/se\/kundberattelser\/veidekkes-huvudskyddsombud-sakrar-sergelhuset-med-infobric-field\/#primaryimage"},"image":{"@id":"https:\/\/infobric.com\/se\/kundberattelser\/veidekkes-huvudskyddsombud-sakrar-sergelhuset-med-infobric-field\/#primaryimage"},"thumbnailUrl":"https:\/\/infobric.com\/se\/wp-content\/uploads\/sites\/29\/2018\/04\/NO_Construction_Startbank_2_1_50.avif","datePublished":"2018-04-11T04:34:49+00:00","dateModified":"2026-02-25T14:43:16+00:00","author":{"@id":"https:\/\/infobric.com\/se\/#\/schema\/person\/9f4e00cf6fcae0e76877e28c02c58850"},"description":"Veidekke anv\u00e4nder Infobric Field f\u00f6r att s\u00e4kerst\u00e4lla arbetsmilj\u00f6n vid ombyggnaden av Sergelhuset i Stockholm.","breadcrumb":{"@id":"https:\/\/infobric.com\/se\/kundberattelser\/veidekkes-huvudskyddsombud-sakrar-sergelhuset-med-infobric-field\/#breadcrumb"},"inLanguage":"sv-SE","potentialAction":[{"@type":"ReadAction","target":["https:\/\/infobric.com\/se\/kundberattelser\/veidekkes-huvudskyddsombud-sakrar-sergelhuset-med-infobric-field\/"]}]},{"@type":"ImageObject","inLanguage":"sv-SE","@id":"https:\/\/infobric.com\/se\/kundberattelser\/veidekkes-huvudskyddsombud-sakrar-sergelhuset-med-infobric-field\/#primaryimage","url":"https:\/\/infobric.com\/se\/wp-content\/uploads\/sites\/29\/2018\/04\/NO_Construction_Startbank_2_1_50.avif","contentUrl":"https:\/\/infobric.com\/se\/wp-content\/uploads\/sites\/29\/2018\/04\/NO_Construction_Startbank_2_1_50.avif","width":750,"height":485,"caption":"vy ovanifr\u00e5n byggarbetsplats"},{"@type":"BreadcrumbList","@id":"https:\/\/infobric.com\/se\/kundberattelser\/veidekkes-huvudskyddsombud-sakrar-sergelhuset-med-infobric-field\/#breadcrumb","itemListElement":[{"@type":"ListItem","position":1,"name":"Home","item":"https:\/\/infobric.com\/se\/"},{"@type":"ListItem","position":2,"name":"Veidekkes huvudskyddsombud s\u00e4krar Sergelhuset med Infobric Field"}]},{"@type":"WebSite","@id":"https:\/\/infobric.com\/se\/#website","url":"https:\/\/infobric.com\/se\/","name":"Sweden","description":"","alternateName":"infobric SE","potentialAction":[{"@type":"SearchAction","target":{"@type":"EntryPoint","urlTemplate":"https:\/\/infobric.com\/se\/?s={search_term_string}"},"query-input":"required name=search_term_string"}],"inLanguage":"sv-SE"},{"@type":"ImageObject","inLanguage":"sv-SE","@id":"https:\/\/infobric.com\/se\/kundberattelser\/veidekkes-huvudskyddsombud-sakrar-sergelhuset-med-infobric-field\/#local-main-organization-logo","url":"","contentUrl":"","caption":"Infobric"}]}},"_links":{"self":[{"href":"https:\/\/infobric.com\/se\/wp-json\/wp\/v2\/posts\/10067"}],"collection":[{"href":"https:\/\/infobric.com\/se\/wp-json\/wp\/v2\/posts"}],"about":[{"href":"https:\/\/infobric.com\/se\/wp-json\/wp\/v2\/types\/post"}],"author":[{"embeddable":true,"href":"https:\/\/infobric.com\/se\/wp-json\/wp\/v2\/users\/9"}],"replies":[{"embeddable":true,"href":"https:\/\/infobric.com\/se\/wp-json\/wp\/v2\/comments?post=10067"}],"version-history":[{"count":9,"href":"https:\/\/infobric.com\/se\/wp-json\/wp\/v2\/posts\/10067\/revisions"}],"predecessor-version":[{"id":27785,"href":"https:\/\/infobric.com\/se\/wp-json\/wp\/v2\/posts\/10067\/revisions\/27785"}],"wp:featuredmedia":[{"embeddable":true,"href":"https:\/\/infobric.com\/se\/wp-json\/wp\/v2\/media\/21310"}],"wp:attachment":[{"href":"https:\/\/infobric.com\/se\/wp-json\/wp\/v2\/media?parent=10067"}],"wp:term":[{"taxonomy":"category","embeddable":true,"href":"https:\/\/infobric.com\/se\/wp-json\/wp\/v2\/categories?post=10067"},{"taxonomy":"post_tag","embeddable":true,"href":"https:\/\/infobric.com\/se\/wp-json\/wp\/v2\/tags?post=10067"}],"curies":[{"name":"wp","href":"https:\/\/api.w.org\/{rel}","templated":true}]}}