{"id":14582,"date":"2023-11-17T07:19:23","date_gmt":"2023-11-17T07:19:23","guid":{"rendered":"https:\/\/infobric.se\/workforce\/?p=154"},"modified":"2025-12-18T11:39:20","modified_gmt":"2025-12-18T11:39:20","slug":"information-om-nedslackning-av-2g-och-3g-naten","status":"publish","type":"post","link":"https:\/\/infobric.com\/se\/nyheter\/information-om-nedslackning-av-2g-och-3g-naten\/","title":{"rendered":"Information om nedsl\u00e4ckning av 2G- och 3G n\u00e4ten"},"content":{"rendered":"\t\t<div data-elementor-type=\"wp-post\" data-elementor-id=\"14582\" class=\"elementor elementor-14582\" data-elementor-post-type=\"post\">\n\t\t\t\t<div class=\"elementor-element elementor-element-6d8e7a3 e-flex e-con-boxed e-con e-parent\" data-id=\"6d8e7a3\" data-element_type=\"container\">\n\t\t\t\t\t<div class=\"e-con-inner\">\n\t\t\t\t<div class=\"elementor-element elementor-element-1c37a3b elementor-widget elementor-widget-infobric_article_intro\" data-id=\"1c37a3b\" data-element_type=\"widget\" data-widget_type=\"infobric_article_intro.default\">\n\t\t\t\t<div class=\"elementor-widget-container\">\n\t\t\t        <div class=\"article-intro-block\">\n            <div class=\"article-intro-wrapper\">\n                <div class=\"article-intro-content\">\n                    <p class=\"global-body-light-m\">De svenska mobiloperat\u00f6rerna kommer att avveckla 2G- och 3G-n\u00e4ten. Detta sker mot bakgrund av en markant \u00f6kning av efterfr\u00e5gan p\u00e5 datakommunikation d\u00e5 de modernare teknikerna beh\u00f6ver mer frekvensutrymme. <\/p>\n                    <img fetchpriority=\"high\" width=\"1024\" height=\"683\" src=\"https:\/\/infobric.com\/se\/wp-content\/uploads\/sites\/29\/2023\/11\/B2A2716-WEBSITE-1024x683.avif\" class=\"attachment-large size-large\" alt=\"byggarbetare tittar ut \u00f6ver byggarbetsplats\" fetchpriority=\"high\" loading=\"eager\" decoding=\"async\" sizes=\"(max-width: 768px) 100vw, 600px\" srcset=\"https:\/\/infobric.com\/se\/wp-content\/uploads\/sites\/29\/2023\/11\/B2A2716-WEBSITE-1024x683.avif 1024w, https:\/\/infobric.com\/se\/wp-content\/uploads\/sites\/29\/2023\/11\/B2A2716-WEBSITE-300x200.avif 300w, https:\/\/infobric.com\/se\/wp-content\/uploads\/sites\/29\/2023\/11\/B2A2716-WEBSITE-768x512.avif 768w, https:\/\/infobric.com\/se\/wp-content\/uploads\/sites\/29\/2023\/11\/B2A2716-WEBSITE-1536x1024.avif 1536w, https:\/\/infobric.com\/se\/wp-content\/uploads\/sites\/29\/2023\/11\/B2A2716-WEBSITE-600x400.avif 600w, https:\/\/infobric.com\/se\/wp-content\/uploads\/sites\/29\/2023\/11\/B2A2716-WEBSITE.avif 2048w\" \/>                <\/div>\n            <\/div>\n        <\/div>\n        \t\t<\/div>\n\t\t\t\t<\/div>\n\t\t\t\t\t<\/div>\n\t\t\t\t<\/div>\n\t\t<div class=\"elementor-element elementor-element-0ad17ce e-flex e-con-boxed e-con e-parent\" data-id=\"0ad17ce\" data-element_type=\"container\">\n\t\t\t\t\t<div class=\"e-con-inner\">\n\t\t\t\t<div class=\"elementor-element elementor-element-c9b03f1 elementor-widget elementor-widget-infobric_article_text\" data-id=\"c9b03f1\" data-element_type=\"widget\" data-widget_type=\"infobric_article_text.default\">\n\t\t\t\t<div class=\"elementor-widget-container\">\n\t\t\t        <div class=\"article-text-wrapper\">\n            <div class=\"article-text-content\">\n                <p>Teknikskiftet sker \u00f6ver hela v\u00e4rlden. Processen \u00e4r upp till varje mobiloperat\u00f6r att besluta om och n\u00e4r de st\u00e4nger ner. Nedsl\u00e4ckningen har inletts och sker successivt under 2024 och 2025. Senast i slutet av 2025 planeras\u00a0<span data-markjs=\"true\">2G<\/span>\u2013 och\u00a0<span data-markjs=\"true\">3G<\/span>-n\u00e4ten ha fasats ut.<\/p>            <\/div>\n        <\/div>\n        \t\t<\/div>\n\t\t\t\t<\/div>\n\t\t\t\t\t<\/div>\n\t\t\t\t<\/div>\n\t\t<div class=\"elementor-element elementor-element-7f83712 e-con-full e-flex e-con e-parent\" data-id=\"7f83712\" data-element_type=\"container\">\n\t\t\t\t<div class=\"elementor-element elementor-element-0469998 elementor-widget elementor-widget-infobric_article_cta\" data-id=\"0469998\" data-element_type=\"widget\" data-widget_type=\"infobric_article_cta.default\">\n\t\t\t\t<div class=\"elementor-widget-container\">\n\t\t\t        <div class=\"article-cta-block\">\n            <div class=\"article-cta-content-wrapper\">\n                                    <div class=\"article-cta-content-link\">\n                        <div class=\"article-cta-image-wrapper\">\n                            <img loading=\"lazy\" width=\"300\" height=\"200\" src=\"https:\/\/infobric.com\/se\/wp-content\/uploads\/sites\/29\/2023\/12\/B2A4832-WEBSITE-300x200.avif\" class=\"article-cta-image\" alt=\"kvinna med mobil\" loading=\"lazy\" decoding=\"async\" sizes=\"(max-width: 768px) 100vw, 187px\" srcset=\"https:\/\/infobric.com\/se\/wp-content\/uploads\/sites\/29\/2023\/12\/B2A4832-WEBSITE-300x200.avif 300w, https:\/\/infobric.com\/se\/wp-content\/uploads\/sites\/29\/2023\/12\/B2A4832-WEBSITE-1024x683.avif 1024w, https:\/\/infobric.com\/se\/wp-content\/uploads\/sites\/29\/2023\/12\/B2A4832-WEBSITE-768x512.avif 768w, https:\/\/infobric.com\/se\/wp-content\/uploads\/sites\/29\/2023\/12\/B2A4832-WEBSITE-1536x1024.avif 1536w, https:\/\/infobric.com\/se\/wp-content\/uploads\/sites\/29\/2023\/12\/B2A4832-WEBSITE-600x400.avif 600w, https:\/\/infobric.com\/se\/wp-content\/uploads\/sites\/29\/2023\/12\/B2A4832-WEBSITE.avif 2048w\" \/>                        <\/div>\n\n                        <div class=\"article-cta-link-text-cta-wrapper\">\n                            <div class=\"article-cta-link-text-wrapper\">\n                                <h4 class=\"global-body-bold-m\">Kontakta oss<\/h4>\n                                <p class=\"global-body-light-m\">Infobric Workforce<\/p>\n                            <\/div>\n                            <a href=\"https:\/\/infobric.com\/se\/kontakta-oss\/\" class=\"ib-button-primary\">\n                                <div class=\"ib-button-primary-wrapper\">\n                                    <div class=\"ib-button-primary-btn-text global-body-button\">Till kontaktsidan<\/div>\n                                    <div class=\"ib-button-primary-btn-text-abs global-body-button\">Till kontaktsidan<\/div>\n                                <\/div>\n                            <\/a>\n                        <\/div>\n                    <\/div>\n\n                            <\/div>\n        <\/div>\n        \t\t<\/div>\n\t\t\t\t<\/div>\n\t\t\t\t<\/div>\n\t\t\t\t<\/div>\n\t\t","protected":false},"excerpt":{"rendered":"<p>De svenska mobiloperat\u00f6rerna kommer att avveckla 2G- och 3G-n\u00e4ten. Detta sker mot bakgrund av en markant \u00f6kning av efterfr\u00e5gan p\u00e5 datakommunikation d\u00e5 de modernare teknikerna beh\u00f6ver mer frekvensutrymme. Teknikskiftet sker \u00f6ver hela v\u00e4rlden. Processen \u00e4r upp till varje mobiloperat\u00f6r att besluta om och n\u00e4r de&#8230;<\/p>\n","protected":false},"author":29,"featured_media":16280,"comment_status":"closed","ping_status":"closed","sticky":false,"template":"","format":"standard","meta":{"_acf_changed":false,"footnotes":""},"categories":[34],"tags":[],"acf":[],"yoast_head":"<!-- This site is optimized with the Yoast SEO Premium plugin v22.5 (Yoast SEO v22.5) - https:\/\/yoast.com\/wordpress\/plugins\/seo\/ -->\n<title>Information om nedsl\u00e4ckning av 2G- och 3G n\u00e4ten<\/title>\n<meta name=\"description\" content=\"De svenska mobiloperat\u00f6rerna kommer att avveckla 2G- och 3G-n\u00e4ten f\u00f6r att ge mer frekvensutrymme som passar de modernare teknikerna.\" \/>\n<meta name=\"robots\" content=\"index, follow, max-snippet:-1, max-image-preview:large, max-video-preview:-1\" \/>\n<link rel=\"canonical\" href=\"https:\/\/infobric.com\/se\/nyheter\/information-om-nedslackning-av-2g-och-3g-naten\/\" \/>\n<meta property=\"og:locale\" content=\"sv_SE\" \/>\n<meta property=\"og:type\" content=\"article\" \/>\n<meta property=\"og:title\" content=\"Information om nedsl\u00e4ckning av 2G- och 3G n\u00e4ten\" \/>\n<meta property=\"og:description\" content=\"De svenska mobiloperat\u00f6rerna kommer att avveckla 2G- och 3G-n\u00e4ten f\u00f6r att ge mer frekvensutrymme som passar de modernare teknikerna.\" \/>\n<meta property=\"og:url\" content=\"https:\/\/infobric.com\/se\/nyheter\/information-om-nedslackning-av-2g-och-3g-naten\/\" \/>\n<meta property=\"og:site_name\" content=\"Sweden\" \/>\n<meta property=\"article:published_time\" content=\"2023-11-17T07:19:23+00:00\" \/>\n<meta property=\"article:modified_time\" content=\"2025-12-18T11:39:20+00:00\" \/>\n<meta name=\"author\" content=\"isabellemagnusson\" \/>\n<meta name=\"twitter:card\" content=\"summary_large_image\" \/>\n<script type=\"application\/ld+json\" class=\"yoast-schema-graph\">{\"@context\":\"https:\/\/schema.org\",\"@graph\":[{\"@type\":\"WebPage\",\"@id\":\"https:\/\/infobric.com\/se\/nyheter\/information-om-nedslackning-av-2g-och-3g-naten\/\",\"url\":\"https:\/\/infobric.com\/se\/nyheter\/information-om-nedslackning-av-2g-och-3g-naten\/\",\"name\":\"Information om nedsl\u00e4ckning av 2G- och 3G n\u00e4ten\",\"isPartOf\":{\"@id\":\"https:\/\/infobric.com\/se\/#website\"},\"primaryImageOfPage\":{\"@id\":\"https:\/\/infobric.com\/se\/nyheter\/information-om-nedslackning-av-2g-och-3g-naten\/#primaryimage\"},\"image\":{\"@id\":\"https:\/\/infobric.com\/se\/nyheter\/information-om-nedslackning-av-2g-och-3g-naten\/#primaryimage\"},\"thumbnailUrl\":\"https:\/\/infobric.com\/se\/wp-content\/uploads\/sites\/29\/2023\/11\/B2A2716-WEBSITE.avif\",\"datePublished\":\"2023-11-17T07:19:23+00:00\",\"dateModified\":\"2025-12-18T11:39:20+00:00\",\"author\":{\"@id\":\"https:\/\/infobric.com\/se\/#\/schema\/person\/281c58d0fb889f64bbf592919c6ec3d9\"},\"description\":\"De svenska mobiloperat\u00f6rerna kommer att avveckla 2G- och 3G-n\u00e4ten f\u00f6r att ge mer frekvensutrymme som passar de modernare teknikerna.\",\"breadcrumb\":{\"@id\":\"https:\/\/infobric.com\/se\/nyheter\/information-om-nedslackning-av-2g-och-3g-naten\/#breadcrumb\"},\"inLanguage\":\"sv-SE\",\"potentialAction\":[{\"@type\":\"ReadAction\",\"target\":[\"https:\/\/infobric.com\/se\/nyheter\/information-om-nedslackning-av-2g-och-3g-naten\/\"]}]},{\"@type\":\"ImageObject\",\"inLanguage\":\"sv-SE\",\"@id\":\"https:\/\/infobric.com\/se\/nyheter\/information-om-nedslackning-av-2g-och-3g-naten\/#primaryimage\",\"url\":\"https:\/\/infobric.com\/se\/wp-content\/uploads\/sites\/29\/2023\/11\/B2A2716-WEBSITE.avif\",\"contentUrl\":\"https:\/\/infobric.com\/se\/wp-content\/uploads\/sites\/29\/2023\/11\/B2A2716-WEBSITE.avif\",\"width\":2048,\"height\":1365,\"caption\":\"byggarbetare tittar ut \u00f6ver byggarbetsplats\"},{\"@type\":\"BreadcrumbList\",\"@id\":\"https:\/\/infobric.com\/se\/nyheter\/information-om-nedslackning-av-2g-och-3g-naten\/#breadcrumb\",\"itemListElement\":[{\"@type\":\"ListItem\",\"position\":1,\"name\":\"Home\",\"item\":\"https:\/\/infobric.com\/se\/\"},{\"@type\":\"ListItem\",\"position\":2,\"name\":\"Information om nedsl\u00e4ckning av 2G- och 3G n\u00e4ten\"}]},{\"@type\":\"WebSite\",\"@id\":\"https:\/\/infobric.com\/se\/#website\",\"url\":\"https:\/\/infobric.com\/se\/\",\"name\":\"Sweden\",\"description\":\"\",\"alternateName\":\"infobric SE\",\"potentialAction\":[{\"@type\":\"SearchAction\",\"target\":{\"@type\":\"EntryPoint\",\"urlTemplate\":\"https:\/\/infobric.com\/se\/?s={search_term_string}\"},\"query-input\":\"required name=search_term_string\"}],\"inLanguage\":\"sv-SE\"},{\"@type\":\"ImageObject\",\"inLanguage\":\"sv-SE\",\"@id\":\"https:\/\/infobric.com\/se\/nyheter\/information-om-nedslackning-av-2g-och-3g-naten\/#local-main-organization-logo\",\"url\":\"\",\"contentUrl\":\"\",\"caption\":\"Infobric\"}]}<\/script>\n<!-- \/ Yoast SEO Premium plugin. -->","yoast_head_json":{"title":"Information om nedsl\u00e4ckning av 2G- och 3G n\u00e4ten","description":"De svenska mobiloperat\u00f6rerna kommer att avveckla 2G- och 3G-n\u00e4ten f\u00f6r att ge mer frekvensutrymme som passar de modernare teknikerna.","robots":{"index":"index","follow":"follow","max-snippet":"max-snippet:-1","max-image-preview":"max-image-preview:large","max-video-preview":"max-video-preview:-1"},"canonical":"https:\/\/infobric.com\/se\/nyheter\/information-om-nedslackning-av-2g-och-3g-naten\/","og_locale":"sv_SE","og_type":"article","og_title":"Information om nedsl\u00e4ckning av 2G- och 3G n\u00e4ten","og_description":"De svenska mobiloperat\u00f6rerna kommer att avveckla 2G- och 3G-n\u00e4ten f\u00f6r att ge mer frekvensutrymme som passar de modernare teknikerna.","og_url":"https:\/\/infobric.com\/se\/nyheter\/information-om-nedslackning-av-2g-och-3g-naten\/","og_site_name":"Sweden","article_published_time":"2023-11-17T07:19:23+00:00","article_modified_time":"2025-12-18T11:39:20+00:00","author":"isabellemagnusson","twitter_card":"summary_large_image","schema":{"@context":"https:\/\/schema.org","@graph":[{"@type":"WebPage","@id":"https:\/\/infobric.com\/se\/nyheter\/information-om-nedslackning-av-2g-och-3g-naten\/","url":"https:\/\/infobric.com\/se\/nyheter\/information-om-nedslackning-av-2g-och-3g-naten\/","name":"Information om nedsl\u00e4ckning av 2G- och 3G n\u00e4ten","isPartOf":{"@id":"https:\/\/infobric.com\/se\/#website"},"primaryImageOfPage":{"@id":"https:\/\/infobric.com\/se\/nyheter\/information-om-nedslackning-av-2g-och-3g-naten\/#primaryimage"},"image":{"@id":"https:\/\/infobric.com\/se\/nyheter\/information-om-nedslackning-av-2g-och-3g-naten\/#primaryimage"},"thumbnailUrl":"https:\/\/infobric.com\/se\/wp-content\/uploads\/sites\/29\/2023\/11\/B2A2716-WEBSITE.avif","datePublished":"2023-11-17T07:19:23+00:00","dateModified":"2025-12-18T11:39:20+00:00","author":{"@id":"https:\/\/infobric.com\/se\/#\/schema\/person\/281c58d0fb889f64bbf592919c6ec3d9"},"description":"De svenska mobiloperat\u00f6rerna kommer att avveckla 2G- och 3G-n\u00e4ten f\u00f6r att ge mer frekvensutrymme som passar de modernare teknikerna.","breadcrumb":{"@id":"https:\/\/infobric.com\/se\/nyheter\/information-om-nedslackning-av-2g-och-3g-naten\/#breadcrumb"},"inLanguage":"sv-SE","potentialAction":[{"@type":"ReadAction","target":["https:\/\/infobric.com\/se\/nyheter\/information-om-nedslackning-av-2g-och-3g-naten\/"]}]},{"@type":"ImageObject","inLanguage":"sv-SE","@id":"https:\/\/infobric.com\/se\/nyheter\/information-om-nedslackning-av-2g-och-3g-naten\/#primaryimage","url":"https:\/\/infobric.com\/se\/wp-content\/uploads\/sites\/29\/2023\/11\/B2A2716-WEBSITE.avif","contentUrl":"https:\/\/infobric.com\/se\/wp-content\/uploads\/sites\/29\/2023\/11\/B2A2716-WEBSITE.avif","width":2048,"height":1365,"caption":"byggarbetare tittar ut \u00f6ver byggarbetsplats"},{"@type":"BreadcrumbList","@id":"https:\/\/infobric.com\/se\/nyheter\/information-om-nedslackning-av-2g-och-3g-naten\/#breadcrumb","itemListElement":[{"@type":"ListItem","position":1,"name":"Home","item":"https:\/\/infobric.com\/se\/"},{"@type":"ListItem","position":2,"name":"Information om nedsl\u00e4ckning av 2G- och 3G n\u00e4ten"}]},{"@type":"WebSite","@id":"https:\/\/infobric.com\/se\/#website","url":"https:\/\/infobric.com\/se\/","name":"Sweden","description":"","alternateName":"infobric SE","potentialAction":[{"@type":"SearchAction","target":{"@type":"EntryPoint","urlTemplate":"https:\/\/infobric.com\/se\/?s={search_term_string}"},"query-input":"required name=search_term_string"}],"inLanguage":"sv-SE"},{"@type":"ImageObject","inLanguage":"sv-SE","@id":"https:\/\/infobric.com\/se\/nyheter\/information-om-nedslackning-av-2g-och-3g-naten\/#local-main-organization-logo","url":"","contentUrl":"","caption":"Infobric"}]}},"_links":{"self":[{"href":"https:\/\/infobric.com\/se\/wp-json\/wp\/v2\/posts\/14582"}],"collection":[{"href":"https:\/\/infobric.com\/se\/wp-json\/wp\/v2\/posts"}],"about":[{"href":"https:\/\/infobric.com\/se\/wp-json\/wp\/v2\/types\/post"}],"author":[{"embeddable":true,"href":"https:\/\/infobric.com\/se\/wp-json\/wp\/v2\/users\/29"}],"replies":[{"embeddable":true,"href":"https:\/\/infobric.com\/se\/wp-json\/wp\/v2\/comments?post=14582"}],"version-history":[{"count":5,"href":"https:\/\/infobric.com\/se\/wp-json\/wp\/v2\/posts\/14582\/revisions"}],"predecessor-version":[{"id":16284,"href":"https:\/\/infobric.com\/se\/wp-json\/wp\/v2\/posts\/14582\/revisions\/16284"}],"wp:featuredmedia":[{"embeddable":true,"href":"https:\/\/infobric.com\/se\/wp-json\/wp\/v2\/media\/16280"}],"wp:attachment":[{"href":"https:\/\/infobric.com\/se\/wp-json\/wp\/v2\/media?parent=14582"}],"wp:term":[{"taxonomy":"category","embeddable":true,"href":"https:\/\/infobric.com\/se\/wp-json\/wp\/v2\/categories?post=14582"},{"taxonomy":"post_tag","embeddable":true,"href":"https:\/\/infobric.com\/se\/wp-json\/wp\/v2\/tags?post=14582"}],"curies":[{"name":"wp","href":"https:\/\/api.w.org\/{rel}","templated":true}]}}