{"id":14588,"date":"2023-04-25T07:21:27","date_gmt":"2023-04-25T07:21:27","guid":{"rendered":"https:\/\/infobric.se\/workforce\/?p=207"},"modified":"2026-02-25T13:49:51","modified_gmt":"2026-02-25T13:49:51","slug":"traffa-oss-pa-byggmassan-i-goteborg","status":"publish","type":"post","link":"https:\/\/infobric.com\/se\/nyheter\/traffa-oss-pa-byggmassan-i-goteborg\/","title":{"rendered":"Tr\u00e4ffa oss p\u00e5 Byggm\u00e4ssan i G\u00f6teborg!"},"content":{"rendered":"\t\t<div data-elementor-type=\"wp-post\" data-elementor-id=\"14588\" class=\"elementor elementor-14588\" data-elementor-post-type=\"post\">\n\t\t\t\t<div class=\"elementor-element elementor-element-1aa082c e-flex e-con-boxed e-con e-parent\" data-id=\"1aa082c\" data-element_type=\"container\">\n\t\t\t\t\t<div class=\"e-con-inner\">\n\t\t\t\t<div class=\"elementor-element elementor-element-ec0f5d6 elementor-widget elementor-widget-infobric_article_intro\" data-id=\"ec0f5d6\" data-element_type=\"widget\" data-widget_type=\"infobric_article_intro.default\">\n\t\t\t\t<div class=\"elementor-widget-container\">\n\t\t\t        <div class=\"article-intro-block\">\n            <div class=\"article-intro-wrapper\">\n                <div class=\"article-intro-content\">\n                    <p class=\"global-body-light-m\">Imorgon b\u00f6rjar Byggm\u00e4ssan G\u00f6teborg \u2013 och sj\u00e4lvklart \u00e4r vi p\u00e5 plats! Varmt v\u00e4lkommen att bes\u00f6ka oss under m\u00e4ssdagarna 26-27 april, ta en kopp kaffe och hitta nya enkla l\u00f6sningar p\u00e5 dina utmaningar i vardagen. Du hittar oss i monter F:22. Kom och s\u00e4g hej!<\/p>\n                    <img fetchpriority=\"high\" width=\"1024\" height=\"465\" src=\"https:\/\/infobric.com\/se\/wp-content\/uploads\/sites\/29\/2024\/06\/byggmassan-goteborg-2023-1024x465.png\" class=\"attachment-large size-large\" alt=\"byggm\u00e4ssan g\u00f6teborg banner\" fetchpriority=\"high\" loading=\"eager\" decoding=\"async\" sizes=\"(max-width: 768px) 100vw, 600px\" srcset=\"https:\/\/infobric.com\/se\/wp-content\/uploads\/sites\/29\/2024\/06\/byggmassan-goteborg-2023-1024x465.png 1024w, https:\/\/infobric.com\/se\/wp-content\/uploads\/sites\/29\/2024\/06\/byggmassan-goteborg-2023-300x136.png 300w, https:\/\/infobric.com\/se\/wp-content\/uploads\/sites\/29\/2024\/06\/byggmassan-goteborg-2023-768x348.png 768w, https:\/\/infobric.com\/se\/wp-content\/uploads\/sites\/29\/2024\/06\/byggmassan-goteborg-2023-1536x697.png 1536w, https:\/\/infobric.com\/se\/wp-content\/uploads\/sites\/29\/2024\/06\/byggmassan-goteborg-2023-600x272.png 600w, https:\/\/infobric.com\/se\/wp-content\/uploads\/sites\/29\/2024\/06\/byggmassan-goteborg-2023.png 2048w\" \/>                <\/div>\n            <\/div>\n        <\/div>\n        \t\t<\/div>\n\t\t\t\t<\/div>\n\t\t\t\t\t<\/div>\n\t\t\t\t<\/div>\n\t\t<div class=\"elementor-element elementor-element-baa2601 e-flex e-con-boxed e-con e-parent\" data-id=\"baa2601\" data-element_type=\"container\">\n\t\t\t\t\t<div class=\"e-con-inner\">\n\t\t\t\t<div class=\"elementor-element elementor-element-449a1a3 elementor-widget elementor-widget-infobric_article_text\" data-id=\"449a1a3\" data-element_type=\"widget\" data-widget_type=\"infobric_article_text.default\">\n\t\t\t\t<div class=\"elementor-widget-container\">\n\t\t\t        <div class=\"article-text-wrapper\">\n            <div class=\"article-text-content\">\n                <section class=\"elementor-section elementor-top-section elementor-element elementor-element-26ff70f5 elementor-section-boxed elementor-section-height-default elementor-section-height-default\" data-id=\"26ff70f5\" data-element_type=\"section\"><div class=\"elementor-container elementor-column-gap-no\"><div class=\"elementor-column elementor-col-100 elementor-top-column elementor-element elementor-element-5600f229\" data-id=\"5600f229\" data-element_type=\"column\"><div class=\"elementor-widget-wrap elementor-element-populated\"><div class=\"elementor-element elementor-element-48aaa9f4 elementor-widget elementor-widget-text-editor\" data-id=\"48aaa9f4\" data-element_type=\"widget\" data-widget_type=\"text-editor.default\"><div class=\"elementor-widget-container\"><p>Passa p\u00e5 att prata med oss om vilka produkter och tj\u00e4nster som passar just ditt projekt. Kanske \u00e4r du intresserad av leverant\u00f6rsuppf\u00f6ljning, kompetenshantering, v\u00e5ra n\u00e4rvaro- och accessl\u00f6sningar eller KMA-plattformen? Nyfiken p\u00e5 att h\u00f6ra mer om alla smarta funktioner i appen? Eller s\u00e5 vill du bara ha en kopp kaffe. Oavsett s\u00e5 \u00e4r du varmt v\u00e4lkommen till oss i monter F:22.<\/p><\/div><\/div><\/div><\/div><\/div><\/section><section class=\"elementor-section elementor-top-section elementor-element elementor-element-32be2cec elementor-section-boxed elementor-section-height-default elementor-section-height-default\" data-id=\"32be2cec\" data-element_type=\"section\"><div class=\"elementor-container elementor-column-gap-no\"><div class=\"elementor-column elementor-col-100 elementor-top-column elementor-element elementor-element-6671a9a9\" data-id=\"6671a9a9\" data-element_type=\"column\"><div class=\"elementor-widget-wrap elementor-element-populated\"><div class=\"elementor-element elementor-element-3f010a98 elementor-widget elementor-widget-text-editor\" data-id=\"3f010a98\" data-element_type=\"widget\" data-widget_type=\"text-editor.default\"><div class=\"elementor-widget-container\"><h2>\u00a0<\/h2><h2>Det h\u00e4r f\u00e5r du inte missa under m\u00e4ssan:<\/h2><\/div><\/div><\/div><\/div><\/div><\/section><section class=\"elementor-section elementor-top-section elementor-element elementor-element-1c2a3dc8 elementor-section-boxed elementor-section-height-default elementor-section-height-default\" data-id=\"1c2a3dc8\" data-element_type=\"section\"><div class=\"elementor-container elementor-column-gap-no\"><div class=\"elementor-column elementor-col-100 elementor-top-column elementor-element elementor-element-8387aa0\" data-id=\"8387aa0\" data-element_type=\"column\"><div class=\"elementor-widget-wrap elementor-element-populated\"><div class=\"elementor-element elementor-element-1ecbff99 elementor-widget elementor-widget-text-editor\" data-id=\"1ecbff99\" data-element_type=\"widget\" data-widget_type=\"text-editor.default\"><div class=\"elementor-widget-container\"><p>F\u00f6rutom att ha en monterplats d\u00e4r vi ser fram emot att tr\u00e4ffa m\u00e5nga nya och befintliga kunder deltar vi \u00e4ven p\u00e5 n\u00e5gra programpunkter under m\u00e4ssan.<\/p><\/div><\/div><\/div><\/div><\/div><\/section><section class=\"elementor-section elementor-top-section elementor-element elementor-element-5fb1fab5 elementor-section-boxed elementor-section-height-default elementor-section-height-default\" data-id=\"5fb1fab5\" data-element_type=\"section\"><div class=\"elementor-container elementor-column-gap-no\"><div class=\"elementor-column elementor-col-100 elementor-top-column elementor-element elementor-element-53f8f730\" data-id=\"53f8f730\" data-element_type=\"column\"><div class=\"elementor-widget-wrap elementor-element-populated\"><div class=\"elementor-element elementor-element-4fad6254 elementor-widget elementor-widget-text-editor\" data-id=\"4fad6254\" data-element_type=\"widget\" data-widget_type=\"text-editor.default\"><div class=\"elementor-widget-container\"><p>\u00a0<\/p><p><strong>Tuffare tider \u2013 hur hanterar vi risken i leverant\u00f6rskedjan?<\/strong><br \/>Scen 1 | 26 april | 15:00-15:30<\/p><p>V\u00e5r s\u00e4ljchef Jens Land\u00e9n och leveranschef Viktor Broberg presenterar tillsammans med Kjell Bye fr\u00e5n BRA Bygg hur man kan arbeta proaktivt med sina leverant\u00f6rer givet konjunkturens utmaningar och vikten av systemst\u00f6d f\u00f6r att s\u00e4kerst\u00e4lla en enhetlig systematik.<\/p><p><span style=\"text-decoration: underline\">\u00a0<a href=\"https:\/\/www.bygg-goteborg.se\/sv\/activity\/tuffare-tider-hur-hanterar-vi-risken-i-leverantorskedjan\/?utm_source=sendinblue&amp;utm_campaign=ConSE%20Nyhetsbrev%20April%20-23&amp;utm_medium=email\">L\u00e4s mer om programpunkten.<\/a><\/span><\/p><\/div><\/div><\/div><\/div><\/div><\/section><section class=\"elementor-section elementor-top-section elementor-element elementor-element-5feb162e elementor-section-boxed elementor-section-height-default elementor-section-height-default\" data-id=\"5feb162e\" data-element_type=\"section\"><div class=\"elementor-container elementor-column-gap-no\"><div class=\"elementor-column elementor-col-100 elementor-top-column elementor-element elementor-element-4a3456fb\" data-id=\"4a3456fb\" data-element_type=\"column\"><div class=\"elementor-widget-wrap elementor-element-populated\"><div class=\"elementor-element elementor-element-7950cd01 elementor-widget elementor-widget-text-editor\" data-id=\"7950cd01\" data-element_type=\"widget\" data-widget_type=\"text-editor.default\"><div class=\"elementor-widget-container\"><p>\u00a0<\/p><p><strong>S\u00e5 skapar vi sunda byggarbetsplatser!<\/strong><br \/>Konferensrum Camp Nou | 27 april | 10:00-12:00<\/p><p>Byggf\u00f6retagen i v\u00e4st bjuder in till ett seminarium om hur vi i praktiken skapar sunda byggarbetsplatser och en sund bransch. V\u00e5r leveranschef Viktor Broberg deltar i ett panelsamtal om \u201cVilka verktyg finns och vad beh\u00f6vs framgent?\u201d<\/p><p><span style=\"text-decoration: underline\">\u00a0<a href=\"https:\/\/www.bygg-goteborg.se\/sv\/2023\/03\/01\/sa-skapar-vi-sunda-byggarbetsplatser\/?utm_source=sendinblue&amp;utm_campaign=ConSE%20Nyhetsbrev%20April%20-23&amp;utm_medium=email\">L\u00e4s mer om programpunkten och anm\u00e4l dig h\u00e4r.<\/a><\/span><\/p><\/div><\/div><\/div><\/div><\/div><\/section>            <\/div>\n        <\/div>\n        \t\t<\/div>\n\t\t\t\t<\/div>\n\t\t\t\t\t<\/div>\n\t\t\t\t<\/div>\n\t\t<div class=\"elementor-element elementor-element-bf77c04 e-flex e-con-boxed e-con e-parent\" data-id=\"bf77c04\" data-element_type=\"container\">\n\t\t\t\t\t<div class=\"e-con-inner\">\n\t\t\t\t<div class=\"elementor-element elementor-element-c5a1492 elementor-widget elementor-widget-infobric_article_image\" data-id=\"c5a1492\" data-element_type=\"widget\" data-widget_type=\"infobric_article_image.default\">\n\t\t\t\t<div class=\"elementor-widget-container\">\n\t\t\t        <div class=\"article-image-wrapper\">\n            <div class=\"article-image-content\">\n                            <\/div>\n        <\/div>\n        \t\t<\/div>\n\t\t\t\t<\/div>\n\t\t\t\t\t<\/div>\n\t\t\t\t<\/div>\n\t\t<div class=\"elementor-element elementor-element-11c87d7 e-con-full e-flex e-con e-parent\" data-id=\"11c87d7\" data-element_type=\"container\">\n\t\t\t\t<div class=\"elementor-element elementor-element-62c0ce7 elementor-widget elementor-widget-infobric_article_cta\" data-id=\"62c0ce7\" data-element_type=\"widget\" data-widget_type=\"infobric_article_cta.default\">\n\t\t\t\t<div class=\"elementor-widget-container\">\n\t\t\t        <div class=\"article-cta-block\">\n            <div class=\"article-cta-content-wrapper\">\n                                    <div class=\"article-cta-content-link\">\n                        <div class=\"article-cta-image-wrapper\">\n                                                    <\/div>\n\n                        <div class=\"article-cta-link-text-cta-wrapper\">\n                            <div class=\"article-cta-link-text-wrapper\">\n                                <h4 class=\"global-body-bold-m\">Vill du veta mer? Kontakta oss.<\/h4>\n                                <p class=\"global-body-light-m\">Infobric Workforce<\/p>\n                            <\/div>\n                            <a href=\"https:\/\/infobric.com\/se\/kontakta-oss\/\" class=\"ib-button-primary\">\n                                <div class=\"ib-button-primary-wrapper\">\n                                    <div class=\"ib-button-primary-btn-text global-body-button\">Till kontaktsidan<\/div>\n                                    <div class=\"ib-button-primary-btn-text-abs global-body-button\">Till kontaktsidan<\/div>\n                                <\/div>\n                            <\/a>\n                        <\/div>\n                    <\/div>\n\n                            <\/div>\n        <\/div>\n        \t\t<\/div>\n\t\t\t\t<\/div>\n\t\t\t\t<\/div>\n\t\t\t\t<\/div>\n\t\t","protected":false},"excerpt":{"rendered":"<p>Imorgon b\u00f6rjar Byggm\u00e4ssan G\u00f6teborg \u2013 och sj\u00e4lvklart \u00e4r vi p\u00e5 plats! Varmt v\u00e4lkommen att bes\u00f6ka oss under m\u00e4ssdagarna 26-27 april, ta en kopp kaffe och hitta nya enkla l\u00f6sningar p\u00e5 dina utmaningar i vardagen. Du hittar oss i monter F:22. Kom och s\u00e4g hej! Passa&#8230;<\/p>\n","protected":false},"author":29,"featured_media":14629,"comment_status":"closed","ping_status":"closed","sticky":false,"template":"","format":"standard","meta":{"_acf_changed":false,"footnotes":""},"categories":[34],"tags":[],"acf":[],"yoast_head":"<!-- This site is optimized with the Yoast SEO Premium plugin v22.5 (Yoast SEO v22.5) - https:\/\/yoast.com\/wordpress\/plugins\/seo\/ -->\n<title>Tr\u00e4ffa oss p\u00e5 Byggm\u00e4ssan i G\u00f6teborg<\/title>\n<meta name=\"description\" content=\"Varmt v\u00e4lkommen att bes\u00f6ka oss under m\u00e4ssdagarna 26-27 april, ta en kopp kaffe och hitta nya enkla l\u00f6sningar p\u00e5 dina utmaningar i vardagen.\" \/>\n<meta name=\"robots\" content=\"index, follow, max-snippet:-1, max-image-preview:large, max-video-preview:-1\" \/>\n<link rel=\"canonical\" href=\"https:\/\/infobric.com\/se\/nyheter\/traffa-oss-pa-byggmassan-i-goteborg\/\" \/>\n<meta property=\"og:locale\" content=\"sv_SE\" \/>\n<meta property=\"og:type\" content=\"article\" \/>\n<meta property=\"og:title\" content=\"Tr\u00e4ffa oss p\u00e5 Byggm\u00e4ssan i G\u00f6teborg!\" \/>\n<meta property=\"og:description\" content=\"Varmt v\u00e4lkommen att bes\u00f6ka oss under m\u00e4ssdagarna 26-27 april, ta en kopp kaffe och hitta nya enkla l\u00f6sningar p\u00e5 dina utmaningar i vardagen.\" \/>\n<meta property=\"og:url\" content=\"https:\/\/infobric.com\/se\/nyheter\/traffa-oss-pa-byggmassan-i-goteborg\/\" \/>\n<meta property=\"og:site_name\" content=\"Sweden\" \/>\n<meta property=\"article:published_time\" content=\"2023-04-25T07:21:27+00:00\" \/>\n<meta property=\"article:modified_time\" content=\"2026-02-25T13:49:51+00:00\" \/>\n<meta property=\"og:image\" content=\"https:\/\/infobric.com\/se\/wp-content\/uploads\/sites\/29\/2024\/06\/byggmassan-goteborg-2023.png\" \/>\n\t<meta property=\"og:image:width\" content=\"2048\" \/>\n\t<meta property=\"og:image:height\" content=\"929\" \/>\n\t<meta property=\"og:image:type\" content=\"image\/png\" \/>\n<meta name=\"author\" content=\"isabellemagnusson\" \/>\n<meta name=\"twitter:card\" content=\"summary_large_image\" \/>\n<script type=\"application\/ld+json\" class=\"yoast-schema-graph\">{\"@context\":\"https:\/\/schema.org\",\"@graph\":[{\"@type\":\"WebPage\",\"@id\":\"https:\/\/infobric.com\/se\/nyheter\/traffa-oss-pa-byggmassan-i-goteborg\/\",\"url\":\"https:\/\/infobric.com\/se\/nyheter\/traffa-oss-pa-byggmassan-i-goteborg\/\",\"name\":\"Tr\u00e4ffa oss p\u00e5 Byggm\u00e4ssan i G\u00f6teborg\",\"isPartOf\":{\"@id\":\"https:\/\/infobric.com\/se\/#website\"},\"primaryImageOfPage\":{\"@id\":\"https:\/\/infobric.com\/se\/nyheter\/traffa-oss-pa-byggmassan-i-goteborg\/#primaryimage\"},\"image\":{\"@id\":\"https:\/\/infobric.com\/se\/nyheter\/traffa-oss-pa-byggmassan-i-goteborg\/#primaryimage\"},\"thumbnailUrl\":\"https:\/\/infobric.com\/se\/wp-content\/uploads\/sites\/29\/2024\/06\/byggmassan-goteborg-2023.png\",\"datePublished\":\"2023-04-25T07:21:27+00:00\",\"dateModified\":\"2026-02-25T13:49:51+00:00\",\"author\":{\"@id\":\"https:\/\/infobric.com\/se\/#\/schema\/person\/281c58d0fb889f64bbf592919c6ec3d9\"},\"description\":\"Varmt v\u00e4lkommen att bes\u00f6ka oss under m\u00e4ssdagarna 26-27 april, ta en kopp kaffe och hitta nya enkla l\u00f6sningar p\u00e5 dina utmaningar i vardagen.\",\"breadcrumb\":{\"@id\":\"https:\/\/infobric.com\/se\/nyheter\/traffa-oss-pa-byggmassan-i-goteborg\/#breadcrumb\"},\"inLanguage\":\"sv-SE\",\"potentialAction\":[{\"@type\":\"ReadAction\",\"target\":[\"https:\/\/infobric.com\/se\/nyheter\/traffa-oss-pa-byggmassan-i-goteborg\/\"]}]},{\"@type\":\"ImageObject\",\"inLanguage\":\"sv-SE\",\"@id\":\"https:\/\/infobric.com\/se\/nyheter\/traffa-oss-pa-byggmassan-i-goteborg\/#primaryimage\",\"url\":\"https:\/\/infobric.com\/se\/wp-content\/uploads\/sites\/29\/2024\/06\/byggmassan-goteborg-2023.png\",\"contentUrl\":\"https:\/\/infobric.com\/se\/wp-content\/uploads\/sites\/29\/2024\/06\/byggmassan-goteborg-2023.png\",\"width\":2048,\"height\":929,\"caption\":\"byggm\u00e4ssan g\u00f6teborg banner\"},{\"@type\":\"BreadcrumbList\",\"@id\":\"https:\/\/infobric.com\/se\/nyheter\/traffa-oss-pa-byggmassan-i-goteborg\/#breadcrumb\",\"itemListElement\":[{\"@type\":\"ListItem\",\"position\":1,\"name\":\"Home\",\"item\":\"https:\/\/infobric.com\/se\/\"},{\"@type\":\"ListItem\",\"position\":2,\"name\":\"Tr\u00e4ffa oss p\u00e5 Byggm\u00e4ssan i G\u00f6teborg!\"}]},{\"@type\":\"WebSite\",\"@id\":\"https:\/\/infobric.com\/se\/#website\",\"url\":\"https:\/\/infobric.com\/se\/\",\"name\":\"Sweden\",\"description\":\"\",\"alternateName\":\"infobric SE\",\"potentialAction\":[{\"@type\":\"SearchAction\",\"target\":{\"@type\":\"EntryPoint\",\"urlTemplate\":\"https:\/\/infobric.com\/se\/?s={search_term_string}\"},\"query-input\":\"required name=search_term_string\"}],\"inLanguage\":\"sv-SE\"},{\"@type\":\"ImageObject\",\"inLanguage\":\"sv-SE\",\"@id\":\"https:\/\/infobric.com\/se\/nyheter\/traffa-oss-pa-byggmassan-i-goteborg\/#local-main-organization-logo\",\"url\":\"\",\"contentUrl\":\"\",\"caption\":\"Infobric\"}]}<\/script>\n<!-- \/ Yoast SEO Premium plugin. -->","yoast_head_json":{"title":"Tr\u00e4ffa oss p\u00e5 Byggm\u00e4ssan i G\u00f6teborg","description":"Varmt v\u00e4lkommen att bes\u00f6ka oss under m\u00e4ssdagarna 26-27 april, ta en kopp kaffe och hitta nya enkla l\u00f6sningar p\u00e5 dina utmaningar i vardagen.","robots":{"index":"index","follow":"follow","max-snippet":"max-snippet:-1","max-image-preview":"max-image-preview:large","max-video-preview":"max-video-preview:-1"},"canonical":"https:\/\/infobric.com\/se\/nyheter\/traffa-oss-pa-byggmassan-i-goteborg\/","og_locale":"sv_SE","og_type":"article","og_title":"Tr\u00e4ffa oss p\u00e5 Byggm\u00e4ssan i G\u00f6teborg!","og_description":"Varmt v\u00e4lkommen att bes\u00f6ka oss under m\u00e4ssdagarna 26-27 april, ta en kopp kaffe och hitta nya enkla l\u00f6sningar p\u00e5 dina utmaningar i vardagen.","og_url":"https:\/\/infobric.com\/se\/nyheter\/traffa-oss-pa-byggmassan-i-goteborg\/","og_site_name":"Sweden","article_published_time":"2023-04-25T07:21:27+00:00","article_modified_time":"2026-02-25T13:49:51+00:00","og_image":[{"width":2048,"height":929,"url":"https:\/\/infobric.com\/se\/wp-content\/uploads\/sites\/29\/2024\/06\/byggmassan-goteborg-2023.png","type":"image\/png"}],"author":"isabellemagnusson","twitter_card":"summary_large_image","schema":{"@context":"https:\/\/schema.org","@graph":[{"@type":"WebPage","@id":"https:\/\/infobric.com\/se\/nyheter\/traffa-oss-pa-byggmassan-i-goteborg\/","url":"https:\/\/infobric.com\/se\/nyheter\/traffa-oss-pa-byggmassan-i-goteborg\/","name":"Tr\u00e4ffa oss p\u00e5 Byggm\u00e4ssan i G\u00f6teborg","isPartOf":{"@id":"https:\/\/infobric.com\/se\/#website"},"primaryImageOfPage":{"@id":"https:\/\/infobric.com\/se\/nyheter\/traffa-oss-pa-byggmassan-i-goteborg\/#primaryimage"},"image":{"@id":"https:\/\/infobric.com\/se\/nyheter\/traffa-oss-pa-byggmassan-i-goteborg\/#primaryimage"},"thumbnailUrl":"https:\/\/infobric.com\/se\/wp-content\/uploads\/sites\/29\/2024\/06\/byggmassan-goteborg-2023.png","datePublished":"2023-04-25T07:21:27+00:00","dateModified":"2026-02-25T13:49:51+00:00","author":{"@id":"https:\/\/infobric.com\/se\/#\/schema\/person\/281c58d0fb889f64bbf592919c6ec3d9"},"description":"Varmt v\u00e4lkommen att bes\u00f6ka oss under m\u00e4ssdagarna 26-27 april, ta en kopp kaffe och hitta nya enkla l\u00f6sningar p\u00e5 dina utmaningar i vardagen.","breadcrumb":{"@id":"https:\/\/infobric.com\/se\/nyheter\/traffa-oss-pa-byggmassan-i-goteborg\/#breadcrumb"},"inLanguage":"sv-SE","potentialAction":[{"@type":"ReadAction","target":["https:\/\/infobric.com\/se\/nyheter\/traffa-oss-pa-byggmassan-i-goteborg\/"]}]},{"@type":"ImageObject","inLanguage":"sv-SE","@id":"https:\/\/infobric.com\/se\/nyheter\/traffa-oss-pa-byggmassan-i-goteborg\/#primaryimage","url":"https:\/\/infobric.com\/se\/wp-content\/uploads\/sites\/29\/2024\/06\/byggmassan-goteborg-2023.png","contentUrl":"https:\/\/infobric.com\/se\/wp-content\/uploads\/sites\/29\/2024\/06\/byggmassan-goteborg-2023.png","width":2048,"height":929,"caption":"byggm\u00e4ssan g\u00f6teborg banner"},{"@type":"BreadcrumbList","@id":"https:\/\/infobric.com\/se\/nyheter\/traffa-oss-pa-byggmassan-i-goteborg\/#breadcrumb","itemListElement":[{"@type":"ListItem","position":1,"name":"Home","item":"https:\/\/infobric.com\/se\/"},{"@type":"ListItem","position":2,"name":"Tr\u00e4ffa oss p\u00e5 Byggm\u00e4ssan i G\u00f6teborg!"}]},{"@type":"WebSite","@id":"https:\/\/infobric.com\/se\/#website","url":"https:\/\/infobric.com\/se\/","name":"Sweden","description":"","alternateName":"infobric SE","potentialAction":[{"@type":"SearchAction","target":{"@type":"EntryPoint","urlTemplate":"https:\/\/infobric.com\/se\/?s={search_term_string}"},"query-input":"required name=search_term_string"}],"inLanguage":"sv-SE"},{"@type":"ImageObject","inLanguage":"sv-SE","@id":"https:\/\/infobric.com\/se\/nyheter\/traffa-oss-pa-byggmassan-i-goteborg\/#local-main-organization-logo","url":"","contentUrl":"","caption":"Infobric"}]}},"_links":{"self":[{"href":"https:\/\/infobric.com\/se\/wp-json\/wp\/v2\/posts\/14588"}],"collection":[{"href":"https:\/\/infobric.com\/se\/wp-json\/wp\/v2\/posts"}],"about":[{"href":"https:\/\/infobric.com\/se\/wp-json\/wp\/v2\/types\/post"}],"author":[{"embeddable":true,"href":"https:\/\/infobric.com\/se\/wp-json\/wp\/v2\/users\/29"}],"replies":[{"embeddable":true,"href":"https:\/\/infobric.com\/se\/wp-json\/wp\/v2\/comments?post=14588"}],"version-history":[{"count":6,"href":"https:\/\/infobric.com\/se\/wp-json\/wp\/v2\/posts\/14588\/revisions"}],"predecessor-version":[{"id":27698,"href":"https:\/\/infobric.com\/se\/wp-json\/wp\/v2\/posts\/14588\/revisions\/27698"}],"wp:featuredmedia":[{"embeddable":true,"href":"https:\/\/infobric.com\/se\/wp-json\/wp\/v2\/media\/14629"}],"wp:attachment":[{"href":"https:\/\/infobric.com\/se\/wp-json\/wp\/v2\/media?parent=14588"}],"wp:term":[{"taxonomy":"category","embeddable":true,"href":"https:\/\/infobric.com\/se\/wp-json\/wp\/v2\/categories?post=14588"},{"taxonomy":"post_tag","embeddable":true,"href":"https:\/\/infobric.com\/se\/wp-json\/wp\/v2\/tags?post=14588"}],"curies":[{"name":"wp","href":"https:\/\/api.w.org\/{rel}","templated":true}]}}