{"id":7672,"date":"2021-12-21T13:17:28","date_gmt":"2021-12-21T13:17:28","guid":{"rendered":"https:\/\/infobric.se\/workforce\/?p=7672"},"modified":"2026-02-22T18:04:25","modified_gmt":"2026-02-22T18:04:25","slug":"inbjudan-till-webinar-om-var-nya-smarta-paketering","status":"publish","type":"post","link":"https:\/\/infobric.com\/se\/nyheter\/inbjudan-till-webinar-om-var-nya-smarta-paketering\/","title":{"rendered":"Inbjudan till webinar om v\u00e5r nya smarta paketering"},"content":{"rendered":"\t\t<div data-elementor-type=\"wp-post\" data-elementor-id=\"7672\" class=\"elementor elementor-7672\" data-elementor-post-type=\"post\">\n\t\t\t\t<div class=\"elementor-element elementor-element-1c59cda e-flex e-con-boxed e-con e-parent\" data-id=\"1c59cda\" data-element_type=\"container\">\n\t\t\t\t\t<div class=\"e-con-inner\">\n\t\t\t\t<div class=\"elementor-element elementor-element-86c0261 elementor-widget elementor-widget-infobric_article_intro\" data-id=\"86c0261\" data-element_type=\"widget\" data-widget_type=\"infobric_article_intro.default\">\n\t\t\t\t<div class=\"elementor-widget-container\">\n\t\t\t        <div class=\"article-intro-block\">\n            <div class=\"article-intro-wrapper\">\n                <div class=\"article-intro-content\">\n                    <p class=\"global-body-light-m\">Vi forts\u00e4tter utveckla v\u00e5rt erbjudande och har under den senaste tiden lanserat flera nya tj\u00e4nster och funktioner med v\u00e5ra ledord smart, smidigt och s\u00e4kert. Vid \u00e5rsskiftet lanserar vi en ny produktpaketering f\u00f6r att g\u00f6ra det enklare f\u00f6r dig att hitta r\u00e4tt bland v\u00e5ra nya och gamla tj\u00e4nster.  Den 16 december s\u00e4nder vi ett webinar d\u00e4r vi ber\u00e4ttar mer om v\u00e5ra nya tj\u00e4nster, funktioner och paketeringar.<\/p>\n                    <img fetchpriority=\"high\" width=\"1024\" height=\"768\" src=\"https:\/\/infobric.com\/se\/wp-content\/uploads\/sites\/29\/2021\/12\/INFOBRIC_0418-1-dark-1024x768-1.jpg\" class=\"attachment-large size-large\" alt=\"\" fetchpriority=\"high\" loading=\"eager\" decoding=\"async\" sizes=\"(max-width: 768px) 100vw, 600px\" srcset=\"https:\/\/infobric.com\/se\/wp-content\/uploads\/sites\/29\/2021\/12\/INFOBRIC_0418-1-dark-1024x768-1.jpg 1024w, https:\/\/infobric.com\/se\/wp-content\/uploads\/sites\/29\/2021\/12\/INFOBRIC_0418-1-dark-1024x768-1-300x225.jpg 300w, https:\/\/infobric.com\/se\/wp-content\/uploads\/sites\/29\/2021\/12\/INFOBRIC_0418-1-dark-1024x768-1-768x576.jpg 768w, https:\/\/infobric.com\/se\/wp-content\/uploads\/sites\/29\/2021\/12\/INFOBRIC_0418-1-dark-1024x768-1-600x450.jpg 600w\" \/>                <\/div>\n            <\/div>\n        <\/div>\n        \t\t<\/div>\n\t\t\t\t<\/div>\n\t\t\t\t\t<\/div>\n\t\t\t\t<\/div>\n\t\t<div class=\"elementor-element elementor-element-1c26a96 e-flex e-con-boxed e-con e-parent\" data-id=\"1c26a96\" data-element_type=\"container\">\n\t\t\t\t\t<div class=\"e-con-inner\">\n\t\t\t\t<div class=\"elementor-element elementor-element-1f7f294 elementor-widget elementor-widget-infobric_article_text\" data-id=\"1f7f294\" data-element_type=\"widget\" data-widget_type=\"infobric_article_text.default\">\n\t\t\t\t<div class=\"elementor-widget-container\">\n\t\t\t        <div class=\"article-text-wrapper\">\n            <div class=\"article-text-content\">\n                <p>V\u00e4lkommen att f\u00f6lja med under ett webinar d\u00e4r vi ber\u00e4ttar mer om v\u00e5ra nya tj\u00e4nster, funtioner och v\u00e5r nya produktpaketering som vi lanserar vid \u00e5rsskiftet.<\/p><p>Webinaret s\u00e4ndes den 16 december 2021 kl. 08:30.<\/p>            <\/div>\n        <\/div>\n        \t\t<\/div>\n\t\t\t\t<\/div>\n\t\t\t\t\t<\/div>\n\t\t\t\t<\/div>\n\t\t<div class=\"elementor-element elementor-element-aaa1ba5 e-flex e-con-boxed e-con e-parent\" data-id=\"aaa1ba5\" data-element_type=\"container\">\n\t\t\t\t\t<div class=\"e-con-inner\">\n\t\t\t\t<div class=\"elementor-element elementor-element-c9faf4e elementor-widget elementor-widget-infobric-button-widget\" data-id=\"c9faf4e\" data-element_type=\"widget\" data-widget_type=\"infobric-button-widget.default\">\n\t\t\t\t<div class=\"elementor-widget-container\">\n\t\t\t                <a href=\"https:\/\/youtu.be\/rVUDK1OpAIk?si=QFHV4cUwqcEnDSM5\" class=\"ib-button-primary \" >\n                    <div class=\"ib-button-primary-wrapper\">\n                        <div class=\"ib-button-primary-btn-text global-body-button\">Se webinaret<\/div>\n                        <div class=\"ib-button-primary-btn-text-abs global-body-button\">Se webinaret<\/div>\n                    <\/div>\n                <\/a>\n                \t\t<\/div>\n\t\t\t\t<\/div>\n\t\t\t\t\t<\/div>\n\t\t\t\t<\/div>\n\t\t<div class=\"elementor-element elementor-element-9b37dc0 e-flex e-con-boxed e-con e-parent\" data-id=\"9b37dc0\" data-element_type=\"container\">\n\t\t\t\t\t<div class=\"e-con-inner\">\n\t\t\t\t<div class=\"elementor-element elementor-element-b27e58f elementor-widget elementor-widget-infobric_article_cta\" data-id=\"b27e58f\" data-element_type=\"widget\" data-widget_type=\"infobric_article_cta.default\">\n\t\t\t\t<div class=\"elementor-widget-container\">\n\t\t\t        <div class=\"article-cta-block\">\n            <div class=\"article-cta-content-wrapper\">\n                                    <div class=\"article-cta-content-link\">\n                        <div class=\"article-cta-image-wrapper\">\n                            <img loading=\"lazy\" width=\"300\" height=\"200\" src=\"https:\/\/infobric.com\/se\/wp-content\/uploads\/sites\/29\/2023\/12\/B2A4832-WEBSITE-300x200.avif\" class=\"article-cta-image\" alt=\"kvinna med mobil\" loading=\"lazy\" decoding=\"async\" sizes=\"(max-width: 768px) 100vw, 187px\" srcset=\"https:\/\/infobric.com\/se\/wp-content\/uploads\/sites\/29\/2023\/12\/B2A4832-WEBSITE-300x200.avif 300w, https:\/\/infobric.com\/se\/wp-content\/uploads\/sites\/29\/2023\/12\/B2A4832-WEBSITE-1024x683.avif 1024w, https:\/\/infobric.com\/se\/wp-content\/uploads\/sites\/29\/2023\/12\/B2A4832-WEBSITE-768x512.avif 768w, https:\/\/infobric.com\/se\/wp-content\/uploads\/sites\/29\/2023\/12\/B2A4832-WEBSITE-1536x1024.avif 1536w, https:\/\/infobric.com\/se\/wp-content\/uploads\/sites\/29\/2023\/12\/B2A4832-WEBSITE-600x400.avif 600w, https:\/\/infobric.com\/se\/wp-content\/uploads\/sites\/29\/2023\/12\/B2A4832-WEBSITE.avif 2048w\" \/>                        <\/div>\n\n                        <div class=\"article-cta-link-text-cta-wrapper\">\n                            <div class=\"article-cta-link-text-wrapper\">\n                                <h4 class=\"global-body-bold-m\">Kontakta oss <\/h4>\n                                <p class=\"global-body-light-m\">Infobric Workforce <\/p>\n                            <\/div>\n                            <a href=\"https:\/\/infobric.com\/se\/kontakta-oss\/\" class=\"ib-button-primary\">\n                                <div class=\"ib-button-primary-wrapper\">\n                                    <div class=\"ib-button-primary-btn-text global-body-button\">Till kontaktsidan<\/div>\n                                    <div class=\"ib-button-primary-btn-text-abs global-body-button\">Till kontaktsidan<\/div>\n                                <\/div>\n                            <\/a>\n                        <\/div>\n                    <\/div>\n\n                            <\/div>\n        <\/div>\n        \t\t<\/div>\n\t\t\t\t<\/div>\n\t\t\t\t\t<\/div>\n\t\t\t\t<\/div>\n\t\t\t\t<\/div>\n\t\t","protected":false},"excerpt":{"rendered":"<p>Vi forts\u00e4tter utveckla v\u00e5rt erbjudande och har under den senaste tiden lanserat flera nya tj\u00e4nster och funktioner med v\u00e5ra ledord smart, smidigt och s\u00e4kert. Vid \u00e5rsskiftet lanserar vi en ny produktpaketering f\u00f6r att g\u00f6ra det enklare f\u00f6r dig att hitta r\u00e4tt bland v\u00e5ra nya och&#8230;<\/p>\n","protected":false},"author":37,"featured_media":17907,"comment_status":"closed","ping_status":"closed","sticky":false,"template":"","format":"standard","meta":{"_acf_changed":false,"footnotes":""},"categories":[34],"tags":[],"acf":[],"yoast_head":"<!-- This site is optimized with the Yoast SEO Premium plugin v22.5 (Yoast SEO v22.5) - https:\/\/yoast.com\/wordpress\/plugins\/seo\/ -->\n<title>Utforska v\u00e5r nya produktpaketering<\/title>\n<meta name=\"description\" content=\"Delta i v\u00e5rt webinar och uppt\u00e4ck hur v\u00e5ra l\u00f6sningar kan f\u00f6renkla och f\u00f6rb\u00e4ttra dina byggprojekt.\" \/>\n<meta name=\"robots\" content=\"index, follow, max-snippet:-1, max-image-preview:large, max-video-preview:-1\" \/>\n<link rel=\"canonical\" href=\"https:\/\/infobric.com\/se\/nyheter\/inbjudan-till-webinar-om-var-nya-smarta-paketering\/\" \/>\n<meta property=\"og:locale\" content=\"sv_SE\" \/>\n<meta property=\"og:type\" content=\"article\" \/>\n<meta property=\"og:title\" content=\"Inbjudan till webinar om v\u00e5r nya smarta paketering\" \/>\n<meta property=\"og:description\" content=\"Delta i v\u00e5rt webinar och uppt\u00e4ck hur v\u00e5ra l\u00f6sningar kan f\u00f6renkla och f\u00f6rb\u00e4ttra dina byggprojekt.\" \/>\n<meta property=\"og:url\" content=\"https:\/\/infobric.com\/se\/nyheter\/inbjudan-till-webinar-om-var-nya-smarta-paketering\/\" \/>\n<meta property=\"og:site_name\" content=\"Sweden\" \/>\n<meta property=\"article:published_time\" content=\"2021-12-21T13:17:28+00:00\" \/>\n<meta property=\"article:modified_time\" content=\"2026-02-22T18:04:25+00:00\" \/>\n<meta name=\"author\" content=\"axeldalbard\" \/>\n<meta name=\"twitter:card\" content=\"summary_large_image\" \/>\n<script type=\"application\/ld+json\" class=\"yoast-schema-graph\">{\"@context\":\"https:\/\/schema.org\",\"@graph\":[{\"@type\":\"WebPage\",\"@id\":\"https:\/\/infobric.com\/se\/nyheter\/inbjudan-till-webinar-om-var-nya-smarta-paketering\/\",\"url\":\"https:\/\/infobric.com\/se\/nyheter\/inbjudan-till-webinar-om-var-nya-smarta-paketering\/\",\"name\":\"Utforska v\u00e5r nya produktpaketering\",\"isPartOf\":{\"@id\":\"https:\/\/infobric.com\/se\/#website\"},\"primaryImageOfPage\":{\"@id\":\"https:\/\/infobric.com\/se\/nyheter\/inbjudan-till-webinar-om-var-nya-smarta-paketering\/#primaryimage\"},\"image\":{\"@id\":\"https:\/\/infobric.com\/se\/nyheter\/inbjudan-till-webinar-om-var-nya-smarta-paketering\/#primaryimage\"},\"thumbnailUrl\":\"https:\/\/infobric.com\/se\/wp-content\/uploads\/sites\/29\/2026\/01\/B2A2957-WEBSITE.avif\",\"datePublished\":\"2021-12-21T13:17:28+00:00\",\"dateModified\":\"2026-02-22T18:04:25+00:00\",\"author\":{\"@id\":\"https:\/\/infobric.com\/se\/#\/schema\/person\/6979dc52e231353427b32d2ea5dcc8dc\"},\"description\":\"Delta i v\u00e5rt webinar och uppt\u00e4ck hur v\u00e5ra l\u00f6sningar kan f\u00f6renkla och f\u00f6rb\u00e4ttra dina byggprojekt.\",\"breadcrumb\":{\"@id\":\"https:\/\/infobric.com\/se\/nyheter\/inbjudan-till-webinar-om-var-nya-smarta-paketering\/#breadcrumb\"},\"inLanguage\":\"sv-SE\",\"potentialAction\":[{\"@type\":\"ReadAction\",\"target\":[\"https:\/\/infobric.com\/se\/nyheter\/inbjudan-till-webinar-om-var-nya-smarta-paketering\/\"]}]},{\"@type\":\"ImageObject\",\"inLanguage\":\"sv-SE\",\"@id\":\"https:\/\/infobric.com\/se\/nyheter\/inbjudan-till-webinar-om-var-nya-smarta-paketering\/#primaryimage\",\"url\":\"https:\/\/infobric.com\/se\/wp-content\/uploads\/sites\/29\/2026\/01\/B2A2957-WEBSITE.avif\",\"contentUrl\":\"https:\/\/infobric.com\/se\/wp-content\/uploads\/sites\/29\/2026\/01\/B2A2957-WEBSITE.avif\",\"width\":2048,\"height\":1365,\"caption\":\"dr\u00f6narbild \u00f6ver byggarbetsplats\"},{\"@type\":\"BreadcrumbList\",\"@id\":\"https:\/\/infobric.com\/se\/nyheter\/inbjudan-till-webinar-om-var-nya-smarta-paketering\/#breadcrumb\",\"itemListElement\":[{\"@type\":\"ListItem\",\"position\":1,\"name\":\"Home\",\"item\":\"https:\/\/infobric.com\/se\/\"},{\"@type\":\"ListItem\",\"position\":2,\"name\":\"Inbjudan till webinar om v\u00e5r nya smarta paketering\"}]},{\"@type\":\"WebSite\",\"@id\":\"https:\/\/infobric.com\/se\/#website\",\"url\":\"https:\/\/infobric.com\/se\/\",\"name\":\"Sweden\",\"description\":\"\",\"alternateName\":\"infobric SE\",\"potentialAction\":[{\"@type\":\"SearchAction\",\"target\":{\"@type\":\"EntryPoint\",\"urlTemplate\":\"https:\/\/infobric.com\/se\/?s={search_term_string}\"},\"query-input\":\"required name=search_term_string\"}],\"inLanguage\":\"sv-SE\"},{\"@type\":\"ImageObject\",\"inLanguage\":\"sv-SE\",\"@id\":\"https:\/\/infobric.com\/se\/nyheter\/inbjudan-till-webinar-om-var-nya-smarta-paketering\/#local-main-organization-logo\",\"url\":\"\",\"contentUrl\":\"\",\"caption\":\"Infobric\"}]}<\/script>\n<!-- \/ Yoast SEO Premium plugin. -->","yoast_head_json":{"title":"Utforska v\u00e5r nya produktpaketering","description":"Delta i v\u00e5rt webinar och uppt\u00e4ck hur v\u00e5ra l\u00f6sningar kan f\u00f6renkla och f\u00f6rb\u00e4ttra dina byggprojekt.","robots":{"index":"index","follow":"follow","max-snippet":"max-snippet:-1","max-image-preview":"max-image-preview:large","max-video-preview":"max-video-preview:-1"},"canonical":"https:\/\/infobric.com\/se\/nyheter\/inbjudan-till-webinar-om-var-nya-smarta-paketering\/","og_locale":"sv_SE","og_type":"article","og_title":"Inbjudan till webinar om v\u00e5r nya smarta paketering","og_description":"Delta i v\u00e5rt webinar och uppt\u00e4ck hur v\u00e5ra l\u00f6sningar kan f\u00f6renkla och f\u00f6rb\u00e4ttra dina byggprojekt.","og_url":"https:\/\/infobric.com\/se\/nyheter\/inbjudan-till-webinar-om-var-nya-smarta-paketering\/","og_site_name":"Sweden","article_published_time":"2021-12-21T13:17:28+00:00","article_modified_time":"2026-02-22T18:04:25+00:00","author":"axeldalbard","twitter_card":"summary_large_image","schema":{"@context":"https:\/\/schema.org","@graph":[{"@type":"WebPage","@id":"https:\/\/infobric.com\/se\/nyheter\/inbjudan-till-webinar-om-var-nya-smarta-paketering\/","url":"https:\/\/infobric.com\/se\/nyheter\/inbjudan-till-webinar-om-var-nya-smarta-paketering\/","name":"Utforska v\u00e5r nya produktpaketering","isPartOf":{"@id":"https:\/\/infobric.com\/se\/#website"},"primaryImageOfPage":{"@id":"https:\/\/infobric.com\/se\/nyheter\/inbjudan-till-webinar-om-var-nya-smarta-paketering\/#primaryimage"},"image":{"@id":"https:\/\/infobric.com\/se\/nyheter\/inbjudan-till-webinar-om-var-nya-smarta-paketering\/#primaryimage"},"thumbnailUrl":"https:\/\/infobric.com\/se\/wp-content\/uploads\/sites\/29\/2026\/01\/B2A2957-WEBSITE.avif","datePublished":"2021-12-21T13:17:28+00:00","dateModified":"2026-02-22T18:04:25+00:00","author":{"@id":"https:\/\/infobric.com\/se\/#\/schema\/person\/6979dc52e231353427b32d2ea5dcc8dc"},"description":"Delta i v\u00e5rt webinar och uppt\u00e4ck hur v\u00e5ra l\u00f6sningar kan f\u00f6renkla och f\u00f6rb\u00e4ttra dina byggprojekt.","breadcrumb":{"@id":"https:\/\/infobric.com\/se\/nyheter\/inbjudan-till-webinar-om-var-nya-smarta-paketering\/#breadcrumb"},"inLanguage":"sv-SE","potentialAction":[{"@type":"ReadAction","target":["https:\/\/infobric.com\/se\/nyheter\/inbjudan-till-webinar-om-var-nya-smarta-paketering\/"]}]},{"@type":"ImageObject","inLanguage":"sv-SE","@id":"https:\/\/infobric.com\/se\/nyheter\/inbjudan-till-webinar-om-var-nya-smarta-paketering\/#primaryimage","url":"https:\/\/infobric.com\/se\/wp-content\/uploads\/sites\/29\/2026\/01\/B2A2957-WEBSITE.avif","contentUrl":"https:\/\/infobric.com\/se\/wp-content\/uploads\/sites\/29\/2026\/01\/B2A2957-WEBSITE.avif","width":2048,"height":1365,"caption":"dr\u00f6narbild \u00f6ver byggarbetsplats"},{"@type":"BreadcrumbList","@id":"https:\/\/infobric.com\/se\/nyheter\/inbjudan-till-webinar-om-var-nya-smarta-paketering\/#breadcrumb","itemListElement":[{"@type":"ListItem","position":1,"name":"Home","item":"https:\/\/infobric.com\/se\/"},{"@type":"ListItem","position":2,"name":"Inbjudan till webinar om v\u00e5r nya smarta paketering"}]},{"@type":"WebSite","@id":"https:\/\/infobric.com\/se\/#website","url":"https:\/\/infobric.com\/se\/","name":"Sweden","description":"","alternateName":"infobric SE","potentialAction":[{"@type":"SearchAction","target":{"@type":"EntryPoint","urlTemplate":"https:\/\/infobric.com\/se\/?s={search_term_string}"},"query-input":"required name=search_term_string"}],"inLanguage":"sv-SE"},{"@type":"ImageObject","inLanguage":"sv-SE","@id":"https:\/\/infobric.com\/se\/nyheter\/inbjudan-till-webinar-om-var-nya-smarta-paketering\/#local-main-organization-logo","url":"","contentUrl":"","caption":"Infobric"}]}},"_links":{"self":[{"href":"https:\/\/infobric.com\/se\/wp-json\/wp\/v2\/posts\/7672"}],"collection":[{"href":"https:\/\/infobric.com\/se\/wp-json\/wp\/v2\/posts"}],"about":[{"href":"https:\/\/infobric.com\/se\/wp-json\/wp\/v2\/types\/post"}],"author":[{"embeddable":true,"href":"https:\/\/infobric.com\/se\/wp-json\/wp\/v2\/users\/37"}],"replies":[{"embeddable":true,"href":"https:\/\/infobric.com\/se\/wp-json\/wp\/v2\/comments?post=7672"}],"version-history":[{"count":6,"href":"https:\/\/infobric.com\/se\/wp-json\/wp\/v2\/posts\/7672\/revisions"}],"predecessor-version":[{"id":27265,"href":"https:\/\/infobric.com\/se\/wp-json\/wp\/v2\/posts\/7672\/revisions\/27265"}],"wp:featuredmedia":[{"embeddable":true,"href":"https:\/\/infobric.com\/se\/wp-json\/wp\/v2\/media\/17907"}],"wp:attachment":[{"href":"https:\/\/infobric.com\/se\/wp-json\/wp\/v2\/media?parent=7672"}],"wp:term":[{"taxonomy":"category","embeddable":true,"href":"https:\/\/infobric.com\/se\/wp-json\/wp\/v2\/categories?post=7672"},{"taxonomy":"post_tag","embeddable":true,"href":"https:\/\/infobric.com\/se\/wp-json\/wp\/v2\/tags?post=7672"}],"curies":[{"name":"wp","href":"https:\/\/api.w.org\/{rel}","templated":true}]}}