{"id":7959,"date":"2020-09-26T13:13:25","date_gmt":"2020-09-26T13:13:25","guid":{"rendered":"https:\/\/infobric.se\/workforce\/?p=7959"},"modified":"2026-02-22T18:29:37","modified_gmt":"2026-02-22T18:29:37","slug":"ny-digital-tjanst-sa-foljer-ni-upp-kompetenser-pa-byggarbetsplatsen","status":"publish","type":"post","link":"https:\/\/infobric.com\/se\/nyheter\/ny-digital-tjanst-sa-foljer-ni-upp-kompetenser-pa-byggarbetsplatsen\/","title":{"rendered":"Ny digital tj\u00e4nst: S\u00e5 f\u00f6ljer ni upp kompetenser p\u00e5 byggarbetsplatsen"},"content":{"rendered":"\t\t<div data-elementor-type=\"wp-post\" data-elementor-id=\"7959\" class=\"elementor elementor-7959\" data-elementor-post-type=\"post\">\n\t\t\t\t<div class=\"elementor-element elementor-element-d857b91 e-flex e-con-boxed e-con e-parent\" data-id=\"d857b91\" data-element_type=\"container\">\n\t\t\t\t\t<div class=\"e-con-inner\">\n\t\t\t\t<div class=\"elementor-element elementor-element-aa410c6 elementor-widget elementor-widget-infobric_article_intro\" data-id=\"aa410c6\" data-element_type=\"widget\" data-widget_type=\"infobric_article_intro.default\">\n\t\t\t\t<div class=\"elementor-widget-container\">\n\t\t\t        <div class=\"article-intro-block\">\n            <div class=\"article-intro-wrapper\">\n                <div class=\"article-intro-content\">\n                    <p class=\"global-body-light-m\">Genom fokuskompetenser kan byggf\u00f6retag styra och f\u00f6lja upp kompetenskrav p\u00e5 sina arbetsplatser. Tj\u00e4nsten m\u00f6jligg\u00f6r f\u00f6r v\u00e5ra kunder att digitalt f\u00f6lja upp att kompetenskrav efterlevs och varningsniv\u00e5er f\u00f6r fokuskompetenser som anges f\u00f6r varje arbetsplats visas i realtid i tj\u00e4nsten.<\/p>\n                    <img fetchpriority=\"high\" width=\"1024\" height=\"683\" src=\"https:\/\/infobric.com\/se\/wp-content\/uploads\/sites\/29\/2020\/09\/B2A2804-WEBSITE-1024x683.avif\" class=\"attachment-large size-large\" alt=\"byggarbetare p\u00e5 byggarbetsplats\" fetchpriority=\"high\" loading=\"eager\" decoding=\"async\" sizes=\"(max-width: 768px) 100vw, 600px\" srcset=\"https:\/\/infobric.com\/se\/wp-content\/uploads\/sites\/29\/2020\/09\/B2A2804-WEBSITE-1024x683.avif 1024w, https:\/\/infobric.com\/se\/wp-content\/uploads\/sites\/29\/2020\/09\/B2A2804-WEBSITE-300x200.avif 300w, https:\/\/infobric.com\/se\/wp-content\/uploads\/sites\/29\/2020\/09\/B2A2804-WEBSITE-768x512.avif 768w, https:\/\/infobric.com\/se\/wp-content\/uploads\/sites\/29\/2020\/09\/B2A2804-WEBSITE-1536x1024.avif 1536w, https:\/\/infobric.com\/se\/wp-content\/uploads\/sites\/29\/2020\/09\/B2A2804-WEBSITE-600x400.avif 600w, https:\/\/infobric.com\/se\/wp-content\/uploads\/sites\/29\/2020\/09\/B2A2804-WEBSITE.avif 2048w\" \/>                <\/div>\n            <\/div>\n        <\/div>\n        \t\t<\/div>\n\t\t\t\t<\/div>\n\t\t\t\t\t<\/div>\n\t\t\t\t<\/div>\n\t\t<div class=\"elementor-element elementor-element-0946c28 e-flex e-con-boxed e-con e-parent\" data-id=\"0946c28\" data-element_type=\"container\">\n\t\t\t\t\t<div class=\"e-con-inner\">\n\t\t\t\t<div class=\"elementor-element elementor-element-d80acd2 elementor-widget elementor-widget-infobric_article_text\" data-id=\"d80acd2\" data-element_type=\"widget\" data-widget_type=\"infobric_article_text.default\">\n\t\t\t\t<div class=\"elementor-widget-container\">\n\t\t\t        <div class=\"article-text-wrapper\">\n            <div class=\"article-text-content\">\n                <p>Det finns ett stort fokus p\u00e5 arbetsmilj\u00f6 i byggbranschen. De flesta stora akt\u00f6rer str\u00e4var efter att uppn\u00e5 nollvision och Arbetsmilj\u00f6verket har i uppdrag av Regeringen att jobba med nollvision av arbetsplatsolyckor och d\u00f6dsfall. Byggbranschen \u00e4r s\u00e4rskilt under granskning eftersom bygg- och anl\u00e4ggningsbranschen \u00e4r en av de mest olycksdrabbade branscherna i landet.\u00a0<\/p><div class=\"elementor-element elementor-element-670d2a8c elementor-widget elementor-widget-text-editor\" data-id=\"670d2a8c\" data-element_type=\"widget\" data-widget_type=\"text-editor.default\"><div class=\"elementor-widget-container\"><div class=\"elementor-text-editor elementor-clearfix\"><p class=\"css-tuwru3 e4gwnxp2\">Via det nya verktyget <a href=\"https:\/\/infobric.com\/se\/losningar\/kompetenser\/fokuskompetenser\/\">Fokuskompetenser<\/a> kan v\u00e5ra kunder s\u00e4kerst\u00e4lla att r\u00e4tt personal med r\u00e4tt kompetens f\u00e5r utf\u00f6ra kritiska moment p\u00e5 arbetsplatsen och samtidigt enkelt f\u00f6lja upp att verksamma personer som vistas p\u00e5 arbetsplatsen har utbildning inom valda fokuskompetenser som till exempel byggbranschens s\u00e4kerhetsutbildning.<\/p><\/div><\/div><\/div>            <\/div>\n        <\/div>\n        \t\t<\/div>\n\t\t\t\t<\/div>\n\t\t\t\t\t<\/div>\n\t\t\t\t<\/div>\n\t\t<div class=\"elementor-element elementor-element-1098eeb e-flex e-con-boxed e-con e-parent\" data-id=\"1098eeb\" data-element_type=\"container\">\n\t\t\t\t\t<div class=\"e-con-inner\">\n\t\t\t\t<div class=\"elementor-element elementor-element-099dca0 elementor-widget elementor-widget-infobric_article_text\" data-id=\"099dca0\" data-element_type=\"widget\" data-widget_type=\"infobric_article_text.default\">\n\t\t\t\t<div class=\"elementor-widget-container\">\n\t\t\t        <div class=\"article-text-wrapper\">\n            <div class=\"article-text-content\">\n                <section class=\"elementor-element elementor-element-2e83acd2 elementor-section-boxed elementor-section-height-default elementor-section-height-default elementor-section elementor-top-section\" data-id=\"2e83acd2\" data-element_type=\"section\"><div class=\"elementor-container elementor-column-gap-no\"><div class=\"elementor-row\"><div class=\"elementor-element elementor-element-45be0638 elementor-column elementor-col-100 elementor-top-column\" data-id=\"45be0638\" data-element_type=\"column\"><div class=\"elementor-column-wrap elementor-element-populated\"><div class=\"elementor-widget-wrap\"><div class=\"elementor-element elementor-element-7d6b1277 elementor-widget elementor-widget-text-editor\" data-id=\"7d6b1277\" data-element_type=\"widget\" data-widget_type=\"text-editor.default\"><div class=\"elementor-widget-container\"><div class=\"elementor-text-editor elementor-clearfix\"><p class=\"css-tuwru3 e4gwnxp2\">Jens Land\u00e9n, f\u00f6rs\u00e4ljningschef p\u00e5 Infobric, ber\u00e4ttar att Fokuskompetenser \u00e4r ett enkelt s\u00e4tt att uppt\u00e4cka riskomr\u00e5den i tid.\u00a0<\/p><p class=\"css-tuwru3 e4gwnxp2\">\u2013 Fokuskompetenser \u00e4r ett verktyg f\u00f6r byggf\u00f6retagen och deras arbetsplatsledning att p\u00e5 ett enkelt och smidigt s\u00e4tt f\u00e5 \u00f6verblick \u00f6ver vilka kompetenser som finns tillg\u00e4ngliga p\u00e5 deras arbetsplatser i realtid, samt enkelt uppt\u00e4cka riskomr\u00e5den som att till exempel viktiga kompetenser saknas. Dessa tj\u00e4nster syftar till att v\u00e5ra kunder ska kunna anv\u00e4nda data som samlas in p\u00e5 byggarbetsplatsen p\u00e5 ett proaktivt s\u00e4tt f\u00f6r att minimera risker och f\u00e5 b\u00e4ttre kontroll p\u00e5 sina arbetsplatser, s\u00e4ger Jens Land\u00e9n.<\/p><\/div><\/div><\/div><\/div><\/div><\/div><\/div><\/div><\/section><section class=\"elementor-element elementor-element-6422c003 elementor-section-boxed elementor-section-height-default elementor-section-height-default elementor-section elementor-top-section\" data-id=\"6422c003\" data-element_type=\"section\"><div class=\"elementor-container elementor-column-gap-no\"><div class=\"elementor-row\"><div class=\"elementor-element elementor-element-5e0fd878 elementor-column elementor-col-100 elementor-top-column\" data-id=\"5e0fd878\" data-element_type=\"column\"><div class=\"elementor-column-wrap elementor-element-populated\"><div class=\"elementor-widget-wrap\"><div class=\"elementor-element elementor-element-102b4938 elementor-widget elementor-widget-text-editor\" data-id=\"102b4938\" data-element_type=\"widget\" data-widget_type=\"text-editor.default\"><div class=\"elementor-widget-container\"><div class=\"elementor-text-editor elementor-clearfix\"><p class=\"css-tuwru3 e4gwnxp2\">Fokuskompetenser \u00e4r en av flera nya tj\u00e4nster som kommer rullas ut under 2020\u20132021 hos Infobric.<\/p><p class=\"css-tuwru3 e4gwnxp2\">\u2013\u00a0Dessa tj\u00e4nster syftar till att v\u00e5ra kunder ska kunna anv\u00e4nda data som samlas in p\u00e5 byggarbetsplatsen p\u00e5 ett proaktivt s\u00e4tt f\u00f6r att minimera risker och f\u00e5 b\u00e4ttre kontroll p\u00e5 sina arbetsplatser. Det \u00e4r ett prioriterat och strategiskt viktigt utvecklingsomr\u00e5de f\u00f6r Infobric f\u00f6r att st\u00f6tta v\u00e5ra kunder i sitt h\u00e5llbarhetsarbete. V\u00e5r mission \u00e4r att bidra till h\u00e5llbara arbetsplatser, genom att skapa digitala och smarta tj\u00e4nster f\u00f6r s\u00e4krare och effektivare arbetsprocesser p\u00e5 byggarbetsplatsen.\u00a0<\/p><\/div><\/div><\/div><\/div><\/div><\/div><\/div><\/div><\/section><section class=\"elementor-element elementor-element-4e1fc7ec elementor-section-boxed elementor-section-height-default elementor-section-height-default elementor-section elementor-top-section\" data-id=\"4e1fc7ec\" data-element_type=\"section\"><div class=\"elementor-container elementor-column-gap-no\"><div class=\"elementor-row\"><div class=\"elementor-element elementor-element-101e293c elementor-column elementor-col-100 elementor-top-column\" data-id=\"101e293c\" data-element_type=\"column\"><div class=\"elementor-column-wrap elementor-element-populated\"><div class=\"elementor-widget-wrap\"><div class=\"elementor-element elementor-element-45c9e37 elementor-widget elementor-widget-text-editor\" data-id=\"45c9e37\" data-element_type=\"widget\" data-widget_type=\"text-editor.default\"><div class=\"elementor-widget-container\"><div class=\"elementor-text-editor elementor-clearfix\"><h2>R\u00e4tt personal p\u00e5 r\u00e4tt plats<\/h2><\/div><\/div><\/div><div class=\"elementor-element elementor-element-7b8f5590 elementor-widget elementor-widget-text-editor\" data-id=\"7b8f5590\" data-element_type=\"widget\" data-widget_type=\"text-editor.default\"><div class=\"elementor-widget-container\"><div class=\"elementor-text-editor elementor-clearfix\"><p class=\"css-tuwru3 e4gwnxp2\">Med hj\u00e4lp av v\u00e5r l\u00f6sning f\u00f6r kompetensuppf\u00f6ljning kan kunderna s\u00e4kerst\u00e4lla att r\u00e4tt personal med r\u00e4tt kompetens f\u00e5r utf\u00f6ra kritiska moment p\u00e5 arbetsplatsen, s\u00e5 som heta arbeten eller framf\u00f6ra en lift, helt digitalt. Det \u00e4r ocks\u00e5 ett smart s\u00e4tt att alltid s\u00e4kerst\u00e4lla att man har tillr\u00e4ckligt med utbildad personal inom till exempel f\u00f6rsta hj\u00e4lpen s\u00e5 att man vid eventuella olyckstillbud kan skicka utbildad personal f\u00f6r att hj\u00e4lpa en kollega.\u00a0<\/p><p class=\"css-tuwru3 e4gwnxp2\">\u2013 Via verktyget kan v\u00e5ra kunder s\u00e4tta upp riktlinjer f\u00f6r vilka kompetenser som \u00e4r ett skallkrav p\u00e5 sina arbetsplatser. Det g\u00f6r man genom att v\u00e4lja ut ett antal fokuskompetenser f\u00f6r vilka man sedan kan ange ett v\u00e4rde f\u00f6r hur m\u00e5nga personer eller procentandel av verksamma med kompetensen som m\u00e5ste vara n\u00e4rvarande p\u00e5 arbetsplatsen. Om niv\u00e5erna inte uppn\u00e5s varnar systemet i realtid och meddelar platsledningen att till exempel antalet personer med f\u00f6rstahj\u00e4lpen-utbildning underskrider kravniv\u00e5n vid det givna tillf\u00e4llet. Kompetenscertifikaten h\u00e4mtas fr\u00e5n ID06 Kompetensdatabas. Via verktyget kan v\u00e5ra kunder s\u00e4tta upp riktlinjer f\u00f6r vilka kompetenser som \u00e4r ett skallkrav p\u00e5 sina arbetsplatser. Om niv\u00e5erna inte uppn\u00e5s varnar systemet i realtid, s\u00e4ger Land\u00e9n.<\/p><h3>\u00a0<\/h3><h3 class=\"css-tuwru3 e4gwnxp2\">Sparar mycket manuellt arbete<\/h3><\/div><\/div><\/div><\/div><\/div><\/div><\/div><\/div><\/section><section class=\"elementor-element elementor-element-8e7f7f8 elementor-section-boxed elementor-section-height-default elementor-section-height-default elementor-section elementor-top-section\" data-id=\"8e7f7f8\" data-element_type=\"section\"><div class=\"elementor-container elementor-column-gap-no\"><div class=\"elementor-row\"><div class=\"elementor-element elementor-element-dcaabaa elementor-column elementor-col-100 elementor-top-column\" data-id=\"dcaabaa\" data-element_type=\"column\"><div class=\"elementor-column-wrap elementor-element-populated\"><div class=\"elementor-widget-wrap\"><div class=\"elementor-element elementor-element-9043581 elementor-widget elementor-widget-text-editor\" data-id=\"9043581\" data-element_type=\"widget\" data-widget_type=\"text-editor.default\"><div class=\"elementor-widget-container\"><div class=\"elementor-text-editor elementor-clearfix\"><p class=\"css-tuwru3 e4gwnxp2\">Det finns idag inget effektivt s\u00e4tt f\u00f6r platsledningen att kontrollera vilka kompetenser som personalen har och framf\u00f6rallt inte ett system som automatiskt sammanst\u00e4ller och rapporterar avvikelser fr\u00e5n uppsatta krav. Det rapporteras kontinuerligt om olyckor p\u00e5 byggarbetsplatser som i m\u00e5nga fall skulle kunna undvikas om r\u00e4tt person med r\u00e4tt kompetens utf\u00f6rt arbetsmomenten.\u00a0<\/p><p class=\"css-tuwru3 e4gwnxp2\">\u2013\u00a0Genom att anv\u00e4nda Infobrics tj\u00e4nst Fokuskompetenser tror vi att branschen i helhet kan spara mycket manuellt arbete p\u00e5 att samla in och hantera kompetensbevis som i sin tur \u00e4r sv\u00e5rt att \u00f6verblicka och s\u00f6ka i. Vi tror ocks\u00e5 att detta kommer att underl\u00e4tta f\u00f6r arbetsledningen att delegera arbete till personal med r\u00e4tt kompetens vilket i sin tur kan minimera antalet olyckor baserat p\u00e5 felaktigt utf\u00f6rda arbetsmoment, avslutar Jens Land\u00e9n.<\/p><div class=\"css-1ikci4p e10c0axx0\"><div><div>\u00a0<\/div><\/div><\/div><\/div><\/div><\/div><\/div><\/div><\/div><\/div><\/div><\/section><section class=\"elementor-element elementor-element-3c1e4c9 elementor-section-boxed elementor-section-height-default elementor-section-height-default elementor-section elementor-top-section\" data-id=\"3c1e4c9\" data-element_type=\"section\"><div class=\"elementor-container elementor-column-gap-no\"><div class=\"elementor-row\"><div class=\"elementor-element elementor-element-a88a60b elementor-column elementor-col-100 elementor-top-column\" data-id=\"a88a60b\" data-element_type=\"column\"><div class=\"elementor-column-wrap elementor-element-populated\"><div class=\"elementor-widget-wrap\"><div class=\"elementor-element elementor-element-74bc2bc elementor-widget elementor-widget-text-editor\" data-id=\"74bc2bc\" data-element_type=\"widget\" data-widget_type=\"text-editor.default\"><div class=\"elementor-widget-container\"><div class=\"elementor-text-editor elementor-clearfix\"><h3>Om Kompetenser<\/h3><\/div><\/div><\/div><div class=\"elementor-element elementor-element-484a972 elementor-widget elementor-widget-text-editor\" data-id=\"484a972\" data-element_type=\"widget\" data-widget_type=\"text-editor.default\"><div class=\"elementor-widget-container\"><div class=\"elementor-text-editor elementor-clearfix\"><p>Kompetenser best\u00e5r av flera smarta verktyg f\u00f6r att \u00f6ka s\u00e4kerheten p\u00e5 arbetsplatsen. Vi underl\u00e4ttar f\u00f6r platsledningen att s\u00e4kerst\u00e4lla att endast personal med r\u00e4tt kompetens f\u00e5r utf\u00f6ra kritiska moment p\u00e5 arbetsplatsen och f\u00f6lja upp att verksamma personer som vistas p\u00e5 arbetsplatsen har utbildning inom valda fokuskompetenser.<\/p><\/div><\/div><\/div><\/div><\/div><\/div><\/div><\/div><\/section>            <\/div>\n        <\/div>\n        \t\t<\/div>\n\t\t\t\t<\/div>\n\t\t\t\t\t<\/div>\n\t\t\t\t<\/div>\n\t\t<div class=\"elementor-element elementor-element-127ede1 e-flex e-con-boxed e-con e-parent\" data-id=\"127ede1\" data-element_type=\"container\">\n\t\t\t\t\t<div class=\"e-con-inner\">\n\t\t\t\t<div class=\"elementor-element elementor-element-7159d93 elementor-widget elementor-widget-infobric-button-widget\" data-id=\"7159d93\" data-element_type=\"widget\" data-widget_type=\"infobric-button-widget.default\">\n\t\t\t\t<div class=\"elementor-widget-container\">\n\t\t\t                <a href=\"https:\/\/infobric.com\/se\/losningar\/kompetenser\/\" class=\"ib-button-primary \" >\n                    <div class=\"ib-button-primary-wrapper\">\n                        <div class=\"ib-button-primary-btn-text global-body-button\">L\u00e4s mer om Kompetenser<\/div>\n                        <div class=\"ib-button-primary-btn-text-abs global-body-button\">L\u00e4s mer om Kompetenser<\/div>\n                    <\/div>\n                <\/a>\n                \t\t<\/div>\n\t\t\t\t<\/div>\n\t\t\t\t\t<\/div>\n\t\t\t\t<\/div>\n\t\t<div class=\"elementor-element elementor-element-ac678a6 e-flex e-con-boxed e-con e-parent\" data-id=\"ac678a6\" data-element_type=\"container\">\n\t\t\t\t\t<div class=\"e-con-inner\">\n\t\t\t\t<div class=\"elementor-element elementor-element-f1ea620 elementor-widget elementor-widget-infobric_article_cta\" data-id=\"f1ea620\" data-element_type=\"widget\" data-widget_type=\"infobric_article_cta.default\">\n\t\t\t\t<div class=\"elementor-widget-container\">\n\t\t\t        <div class=\"article-cta-block\">\n            <div class=\"article-cta-content-wrapper\">\n                                    <div class=\"article-cta-content-link\">\n                        <div class=\"article-cta-image-wrapper\">\n                            <img loading=\"lazy\" width=\"300\" height=\"200\" src=\"https:\/\/infobric.com\/se\/wp-content\/uploads\/sites\/29\/2023\/12\/B2A4832-WEBSITE-300x200.avif\" class=\"article-cta-image\" alt=\"kvinna med mobil\" loading=\"lazy\" decoding=\"async\" sizes=\"(max-width: 768px) 100vw, 187px\" srcset=\"https:\/\/infobric.com\/se\/wp-content\/uploads\/sites\/29\/2023\/12\/B2A4832-WEBSITE-300x200.avif 300w, https:\/\/infobric.com\/se\/wp-content\/uploads\/sites\/29\/2023\/12\/B2A4832-WEBSITE-1024x683.avif 1024w, https:\/\/infobric.com\/se\/wp-content\/uploads\/sites\/29\/2023\/12\/B2A4832-WEBSITE-768x512.avif 768w, https:\/\/infobric.com\/se\/wp-content\/uploads\/sites\/29\/2023\/12\/B2A4832-WEBSITE-1536x1024.avif 1536w, https:\/\/infobric.com\/se\/wp-content\/uploads\/sites\/29\/2023\/12\/B2A4832-WEBSITE-600x400.avif 600w, https:\/\/infobric.com\/se\/wp-content\/uploads\/sites\/29\/2023\/12\/B2A4832-WEBSITE.avif 2048w\" \/>                        <\/div>\n\n                        <div class=\"article-cta-link-text-cta-wrapper\">\n                            <div class=\"article-cta-link-text-wrapper\">\n                                <h4 class=\"global-body-bold-m\">Vill du veta mer?<\/h4>\n                                <p class=\"global-body-light-m\">Kontakta oss!<\/p>\n                            <\/div>\n                            <a href=\"https:\/\/infobric.com\/se\/kontakta-oss\/\" class=\"ib-button-primary\">\n                                <div class=\"ib-button-primary-wrapper\">\n                                    <div class=\"ib-button-primary-btn-text global-body-button\">Till kontaktsidan<\/div>\n                                    <div class=\"ib-button-primary-btn-text-abs global-body-button\">Till kontaktsidan<\/div>\n                                <\/div>\n                            <\/a>\n                        <\/div>\n                    <\/div>\n\n                            <\/div>\n        <\/div>\n        \t\t<\/div>\n\t\t\t\t<\/div>\n\t\t\t\t\t<\/div>\n\t\t\t\t<\/div>\n\t\t\t\t<\/div>\n\t\t","protected":false},"excerpt":{"rendered":"<p>Genom fokuskompetenser kan byggf\u00f6retag styra och f\u00f6lja upp kompetenskrav p\u00e5 sina arbetsplatser. Tj\u00e4nsten m\u00f6jligg\u00f6r f\u00f6r v\u00e5ra kunder att digitalt f\u00f6lja upp att kompetenskrav efterlevs och varningsniv\u00e5er f\u00f6r fokuskompetenser som anges f\u00f6r varje arbetsplats visas i realtid i tj\u00e4nsten. Det finns ett stort fokus p\u00e5 arbetsmilj\u00f6&#8230;<\/p>\n","protected":false},"author":29,"featured_media":21123,"comment_status":"closed","ping_status":"closed","sticky":false,"template":"","format":"standard","meta":{"_acf_changed":false,"footnotes":""},"categories":[34],"tags":[],"acf":[],"yoast_head":"<!-- This site is optimized with the Yoast SEO Premium plugin v22.5 (Yoast SEO v22.5) - https:\/\/yoast.com\/wordpress\/plugins\/seo\/ -->\n<title>Ny digital tj\u00e4nst: S\u00e5 f\u00f6ljer ni upp kompetenser p\u00e5 byggarbetsplatsen | Infobric<\/title>\n<meta name=\"description\" content=\"Genom fokuskompetenser kan byggf\u00f6retag nu styra och f\u00f6lja upp kompetenskrav p\u00e5 sina arbetsplatser p\u00e5 ett smidigt s\u00e4tt.\" \/>\n<meta name=\"robots\" content=\"index, follow, max-snippet:-1, max-image-preview:large, max-video-preview:-1\" \/>\n<link rel=\"canonical\" href=\"https:\/\/infobric.com\/se\/nyheter\/ny-digital-tjanst-sa-foljer-ni-upp-kompetenser-pa-byggarbetsplatsen\/\" \/>\n<meta property=\"og:locale\" content=\"sv_SE\" \/>\n<meta property=\"og:type\" content=\"article\" \/>\n<meta property=\"og:title\" content=\"Ny digital tj\u00e4nst: S\u00e5 f\u00f6ljer ni upp kompetenser p\u00e5 byggarbetsplatsen\" \/>\n<meta property=\"og:description\" content=\"Genom fokuskompetenser kan byggf\u00f6retag nu styra och f\u00f6lja upp kompetenskrav p\u00e5 sina arbetsplatser p\u00e5 ett smidigt s\u00e4tt.\" \/>\n<meta property=\"og:url\" content=\"https:\/\/infobric.com\/se\/nyheter\/ny-digital-tjanst-sa-foljer-ni-upp-kompetenser-pa-byggarbetsplatsen\/\" \/>\n<meta property=\"og:site_name\" content=\"Sweden\" \/>\n<meta property=\"article:published_time\" content=\"2020-09-26T13:13:25+00:00\" \/>\n<meta property=\"article:modified_time\" content=\"2026-02-22T18:29:37+00:00\" \/>\n<meta name=\"author\" content=\"isabellemagnusson\" \/>\n<meta name=\"twitter:card\" content=\"summary_large_image\" \/>\n<script type=\"application\/ld+json\" class=\"yoast-schema-graph\">{\"@context\":\"https:\/\/schema.org\",\"@graph\":[{\"@type\":\"WebPage\",\"@id\":\"https:\/\/infobric.com\/se\/nyheter\/ny-digital-tjanst-sa-foljer-ni-upp-kompetenser-pa-byggarbetsplatsen\/\",\"url\":\"https:\/\/infobric.com\/se\/nyheter\/ny-digital-tjanst-sa-foljer-ni-upp-kompetenser-pa-byggarbetsplatsen\/\",\"name\":\"Ny digital tj\u00e4nst: S\u00e5 f\u00f6ljer ni upp kompetenser p\u00e5 byggarbetsplatsen | Infobric\",\"isPartOf\":{\"@id\":\"https:\/\/infobric.com\/se\/#website\"},\"primaryImageOfPage\":{\"@id\":\"https:\/\/infobric.com\/se\/nyheter\/ny-digital-tjanst-sa-foljer-ni-upp-kompetenser-pa-byggarbetsplatsen\/#primaryimage\"},\"image\":{\"@id\":\"https:\/\/infobric.com\/se\/nyheter\/ny-digital-tjanst-sa-foljer-ni-upp-kompetenser-pa-byggarbetsplatsen\/#primaryimage\"},\"thumbnailUrl\":\"https:\/\/infobric.com\/se\/wp-content\/uploads\/sites\/29\/2020\/09\/B2A2804-WEBSITE.avif\",\"datePublished\":\"2020-09-26T13:13:25+00:00\",\"dateModified\":\"2026-02-22T18:29:37+00:00\",\"author\":{\"@id\":\"https:\/\/infobric.com\/se\/#\/schema\/person\/281c58d0fb889f64bbf592919c6ec3d9\"},\"description\":\"Genom fokuskompetenser kan byggf\u00f6retag nu styra och f\u00f6lja upp kompetenskrav p\u00e5 sina arbetsplatser p\u00e5 ett smidigt s\u00e4tt.\",\"breadcrumb\":{\"@id\":\"https:\/\/infobric.com\/se\/nyheter\/ny-digital-tjanst-sa-foljer-ni-upp-kompetenser-pa-byggarbetsplatsen\/#breadcrumb\"},\"inLanguage\":\"sv-SE\",\"potentialAction\":[{\"@type\":\"ReadAction\",\"target\":[\"https:\/\/infobric.com\/se\/nyheter\/ny-digital-tjanst-sa-foljer-ni-upp-kompetenser-pa-byggarbetsplatsen\/\"]}]},{\"@type\":\"ImageObject\",\"inLanguage\":\"sv-SE\",\"@id\":\"https:\/\/infobric.com\/se\/nyheter\/ny-digital-tjanst-sa-foljer-ni-upp-kompetenser-pa-byggarbetsplatsen\/#primaryimage\",\"url\":\"https:\/\/infobric.com\/se\/wp-content\/uploads\/sites\/29\/2020\/09\/B2A2804-WEBSITE.avif\",\"contentUrl\":\"https:\/\/infobric.com\/se\/wp-content\/uploads\/sites\/29\/2020\/09\/B2A2804-WEBSITE.avif\",\"width\":2048,\"height\":1365,\"caption\":\"byggarbetare p\u00e5 byggarbetsplats\"},{\"@type\":\"BreadcrumbList\",\"@id\":\"https:\/\/infobric.com\/se\/nyheter\/ny-digital-tjanst-sa-foljer-ni-upp-kompetenser-pa-byggarbetsplatsen\/#breadcrumb\",\"itemListElement\":[{\"@type\":\"ListItem\",\"position\":1,\"name\":\"Home\",\"item\":\"https:\/\/infobric.com\/se\/\"},{\"@type\":\"ListItem\",\"position\":2,\"name\":\"Ny digital tj\u00e4nst: S\u00e5 f\u00f6ljer ni upp kompetenser p\u00e5 byggarbetsplatsen\"}]},{\"@type\":\"WebSite\",\"@id\":\"https:\/\/infobric.com\/se\/#website\",\"url\":\"https:\/\/infobric.com\/se\/\",\"name\":\"Sweden\",\"description\":\"\",\"alternateName\":\"infobric SE\",\"potentialAction\":[{\"@type\":\"SearchAction\",\"target\":{\"@type\":\"EntryPoint\",\"urlTemplate\":\"https:\/\/infobric.com\/se\/?s={search_term_string}\"},\"query-input\":\"required name=search_term_string\"}],\"inLanguage\":\"sv-SE\"},{\"@type\":\"ImageObject\",\"inLanguage\":\"sv-SE\",\"@id\":\"https:\/\/infobric.com\/se\/nyheter\/ny-digital-tjanst-sa-foljer-ni-upp-kompetenser-pa-byggarbetsplatsen\/#local-main-organization-logo\",\"url\":\"\",\"contentUrl\":\"\",\"caption\":\"Infobric\"}]}<\/script>\n<!-- \/ Yoast SEO Premium plugin. -->","yoast_head_json":{"title":"Ny digital tj\u00e4nst: S\u00e5 f\u00f6ljer ni upp kompetenser p\u00e5 byggarbetsplatsen | Infobric","description":"Genom fokuskompetenser kan byggf\u00f6retag nu styra och f\u00f6lja upp kompetenskrav p\u00e5 sina arbetsplatser p\u00e5 ett smidigt s\u00e4tt.","robots":{"index":"index","follow":"follow","max-snippet":"max-snippet:-1","max-image-preview":"max-image-preview:large","max-video-preview":"max-video-preview:-1"},"canonical":"https:\/\/infobric.com\/se\/nyheter\/ny-digital-tjanst-sa-foljer-ni-upp-kompetenser-pa-byggarbetsplatsen\/","og_locale":"sv_SE","og_type":"article","og_title":"Ny digital tj\u00e4nst: S\u00e5 f\u00f6ljer ni upp kompetenser p\u00e5 byggarbetsplatsen","og_description":"Genom fokuskompetenser kan byggf\u00f6retag nu styra och f\u00f6lja upp kompetenskrav p\u00e5 sina arbetsplatser p\u00e5 ett smidigt s\u00e4tt.","og_url":"https:\/\/infobric.com\/se\/nyheter\/ny-digital-tjanst-sa-foljer-ni-upp-kompetenser-pa-byggarbetsplatsen\/","og_site_name":"Sweden","article_published_time":"2020-09-26T13:13:25+00:00","article_modified_time":"2026-02-22T18:29:37+00:00","author":"isabellemagnusson","twitter_card":"summary_large_image","schema":{"@context":"https:\/\/schema.org","@graph":[{"@type":"WebPage","@id":"https:\/\/infobric.com\/se\/nyheter\/ny-digital-tjanst-sa-foljer-ni-upp-kompetenser-pa-byggarbetsplatsen\/","url":"https:\/\/infobric.com\/se\/nyheter\/ny-digital-tjanst-sa-foljer-ni-upp-kompetenser-pa-byggarbetsplatsen\/","name":"Ny digital tj\u00e4nst: S\u00e5 f\u00f6ljer ni upp kompetenser p\u00e5 byggarbetsplatsen | Infobric","isPartOf":{"@id":"https:\/\/infobric.com\/se\/#website"},"primaryImageOfPage":{"@id":"https:\/\/infobric.com\/se\/nyheter\/ny-digital-tjanst-sa-foljer-ni-upp-kompetenser-pa-byggarbetsplatsen\/#primaryimage"},"image":{"@id":"https:\/\/infobric.com\/se\/nyheter\/ny-digital-tjanst-sa-foljer-ni-upp-kompetenser-pa-byggarbetsplatsen\/#primaryimage"},"thumbnailUrl":"https:\/\/infobric.com\/se\/wp-content\/uploads\/sites\/29\/2020\/09\/B2A2804-WEBSITE.avif","datePublished":"2020-09-26T13:13:25+00:00","dateModified":"2026-02-22T18:29:37+00:00","author":{"@id":"https:\/\/infobric.com\/se\/#\/schema\/person\/281c58d0fb889f64bbf592919c6ec3d9"},"description":"Genom fokuskompetenser kan byggf\u00f6retag nu styra och f\u00f6lja upp kompetenskrav p\u00e5 sina arbetsplatser p\u00e5 ett smidigt s\u00e4tt.","breadcrumb":{"@id":"https:\/\/infobric.com\/se\/nyheter\/ny-digital-tjanst-sa-foljer-ni-upp-kompetenser-pa-byggarbetsplatsen\/#breadcrumb"},"inLanguage":"sv-SE","potentialAction":[{"@type":"ReadAction","target":["https:\/\/infobric.com\/se\/nyheter\/ny-digital-tjanst-sa-foljer-ni-upp-kompetenser-pa-byggarbetsplatsen\/"]}]},{"@type":"ImageObject","inLanguage":"sv-SE","@id":"https:\/\/infobric.com\/se\/nyheter\/ny-digital-tjanst-sa-foljer-ni-upp-kompetenser-pa-byggarbetsplatsen\/#primaryimage","url":"https:\/\/infobric.com\/se\/wp-content\/uploads\/sites\/29\/2020\/09\/B2A2804-WEBSITE.avif","contentUrl":"https:\/\/infobric.com\/se\/wp-content\/uploads\/sites\/29\/2020\/09\/B2A2804-WEBSITE.avif","width":2048,"height":1365,"caption":"byggarbetare p\u00e5 byggarbetsplats"},{"@type":"BreadcrumbList","@id":"https:\/\/infobric.com\/se\/nyheter\/ny-digital-tjanst-sa-foljer-ni-upp-kompetenser-pa-byggarbetsplatsen\/#breadcrumb","itemListElement":[{"@type":"ListItem","position":1,"name":"Home","item":"https:\/\/infobric.com\/se\/"},{"@type":"ListItem","position":2,"name":"Ny digital tj\u00e4nst: S\u00e5 f\u00f6ljer ni upp kompetenser p\u00e5 byggarbetsplatsen"}]},{"@type":"WebSite","@id":"https:\/\/infobric.com\/se\/#website","url":"https:\/\/infobric.com\/se\/","name":"Sweden","description":"","alternateName":"infobric SE","potentialAction":[{"@type":"SearchAction","target":{"@type":"EntryPoint","urlTemplate":"https:\/\/infobric.com\/se\/?s={search_term_string}"},"query-input":"required name=search_term_string"}],"inLanguage":"sv-SE"},{"@type":"ImageObject","inLanguage":"sv-SE","@id":"https:\/\/infobric.com\/se\/nyheter\/ny-digital-tjanst-sa-foljer-ni-upp-kompetenser-pa-byggarbetsplatsen\/#local-main-organization-logo","url":"","contentUrl":"","caption":"Infobric"}]}},"_links":{"self":[{"href":"https:\/\/infobric.com\/se\/wp-json\/wp\/v2\/posts\/7959"}],"collection":[{"href":"https:\/\/infobric.com\/se\/wp-json\/wp\/v2\/posts"}],"about":[{"href":"https:\/\/infobric.com\/se\/wp-json\/wp\/v2\/types\/post"}],"author":[{"embeddable":true,"href":"https:\/\/infobric.com\/se\/wp-json\/wp\/v2\/users\/29"}],"replies":[{"embeddable":true,"href":"https:\/\/infobric.com\/se\/wp-json\/wp\/v2\/comments?post=7959"}],"version-history":[{"count":7,"href":"https:\/\/infobric.com\/se\/wp-json\/wp\/v2\/posts\/7959\/revisions"}],"predecessor-version":[{"id":27296,"href":"https:\/\/infobric.com\/se\/wp-json\/wp\/v2\/posts\/7959\/revisions\/27296"}],"wp:featuredmedia":[{"embeddable":true,"href":"https:\/\/infobric.com\/se\/wp-json\/wp\/v2\/media\/21123"}],"wp:attachment":[{"href":"https:\/\/infobric.com\/se\/wp-json\/wp\/v2\/media?parent=7959"}],"wp:term":[{"taxonomy":"category","embeddable":true,"href":"https:\/\/infobric.com\/se\/wp-json\/wp\/v2\/categories?post=7959"},{"taxonomy":"post_tag","embeddable":true,"href":"https:\/\/infobric.com\/se\/wp-json\/wp\/v2\/tags?post=7959"}],"curies":[{"name":"wp","href":"https:\/\/api.w.org\/{rel}","templated":true}]}}