{"id":8304,"date":"2021-04-26T15:11:47","date_gmt":"2021-04-26T15:11:47","guid":{"rendered":"https:\/\/infobric.se\/workforce\/?p=8304"},"modified":"2026-02-22T18:19:34","modified_gmt":"2026-02-22T18:19:34","slug":"infobric-samlar-byggbranschens-aktorer-i-samtal-om-arbetsmiljo-och-sakerhet","status":"publish","type":"post","link":"https:\/\/infobric.com\/se\/nyheter\/infobric-samlar-byggbranschens-aktorer-i-samtal-om-arbetsmiljo-och-sakerhet\/","title":{"rendered":"Infobric samlar byggbranschens akt\u00f6rer i samtal om arbetsmilj\u00f6 och s\u00e4kerhet"},"content":{"rendered":"\t\t<div data-elementor-type=\"wp-post\" data-elementor-id=\"8304\" class=\"elementor elementor-8304\" data-elementor-post-type=\"post\">\n\t\t\t\t<div class=\"elementor-element elementor-element-166c127 e-flex e-con-boxed e-con e-parent\" data-id=\"166c127\" data-element_type=\"container\">\n\t\t\t\t\t<div class=\"e-con-inner\">\n\t\t\t\t<div class=\"elementor-element elementor-element-604a4ee elementor-widget elementor-widget-infobric_article_intro\" data-id=\"604a4ee\" data-element_type=\"widget\" data-widget_type=\"infobric_article_intro.default\">\n\t\t\t\t<div class=\"elementor-widget-container\">\n\t\t\t        <div class=\"article-intro-block\">\n            <div class=\"article-intro-wrapper\">\n                <div class=\"article-intro-content\">\n                    <p class=\"global-body-light-m\">I samband med V\u00e4rldsarbetsmilj\u00f6dagen den 28 april arrangerar Infobric Group ett digitalt forum kring s\u00e4kerhet och h\u00e5llbarhet i byggbranschen \u2013 Safe Construction Summit. Syftet: att samla branschens akt\u00f6rer f\u00f6r att hitta en g\u00e5ngbar v\u00e4g mot nollvisionen. <\/p>\n                    <img fetchpriority=\"high\" width=\"892\" height=\"554\" src=\"https:\/\/infobric.com\/se\/wp-content\/uploads\/sites\/29\/2025\/02\/2025-02-06-16_12_14-Infobric-Construction-Archived-Articles.docx-och-3-sidor-till-Arbete-\u2013-Micro.png\" class=\"attachment-large size-large\" alt=\"Safe Construction Summit\" fetchpriority=\"high\" loading=\"eager\" decoding=\"async\" sizes=\"(max-width: 768px) 100vw, 600px\" srcset=\"https:\/\/infobric.com\/se\/wp-content\/uploads\/sites\/29\/2025\/02\/2025-02-06-16_12_14-Infobric-Construction-Archived-Articles.docx-och-3-sidor-till-Arbete-\u2013-Micro.png 892w, https:\/\/infobric.com\/se\/wp-content\/uploads\/sites\/29\/2025\/02\/2025-02-06-16_12_14-Infobric-Construction-Archived-Articles.docx-och-3-sidor-till-Arbete-\u2013-Micro-300x186.png 300w, https:\/\/infobric.com\/se\/wp-content\/uploads\/sites\/29\/2025\/02\/2025-02-06-16_12_14-Infobric-Construction-Archived-Articles.docx-och-3-sidor-till-Arbete-\u2013-Micro-768x477.png 768w, https:\/\/infobric.com\/se\/wp-content\/uploads\/sites\/29\/2025\/02\/2025-02-06-16_12_14-Infobric-Construction-Archived-Articles.docx-och-3-sidor-till-Arbete-\u2013-Micro-600x373.png 600w\" \/>                <\/div>\n            <\/div>\n        <\/div>\n        \t\t<\/div>\n\t\t\t\t<\/div>\n\t\t\t\t\t<\/div>\n\t\t\t\t<\/div>\n\t\t<div class=\"elementor-element elementor-element-81b3421 e-flex e-con-boxed e-con e-parent\" data-id=\"81b3421\" data-element_type=\"container\">\n\t\t\t\t\t<div class=\"e-con-inner\">\n\t\t\t\t<div class=\"elementor-element elementor-element-b4b9a9f elementor-widget elementor-widget-infobric_article_text\" data-id=\"b4b9a9f\" data-element_type=\"widget\" data-widget_type=\"infobric_article_text.default\">\n\t\t\t\t<div class=\"elementor-widget-container\">\n\t\t\t        <div class=\"article-text-wrapper\">\n            <div class=\"article-text-content\">\n                <p><span data-contrast=\"auto\">Byggbranschen \u00e4r en sektor som sedan l\u00e5ng tid tillbaka anses som en riskfylld bransch, framf\u00f6r allt kopplat till risker i arbetsmilj\u00f6n och f\u00f6rekomsten av oseri\u00f6sa akt\u00f6rer. Trots att man under l\u00e5ng tid arbetat med s\u00e4kerhetsfr\u00e5gorna i branschen \u00e4r byggbranschen fortsatt den h\u00e5rdast drabbade sektorn n\u00e4r det kommer till d\u00f6dsolyckor de senaste tio \u00e5ren, med totalt 90 d\u00f6dsolyckor.<\/span><span data-ccp-props=\"{}\">\u00a0<\/span><\/p><p><span data-contrast=\"auto\">\u2013 F\u00f6r att n\u00e5 nollvisionen kr\u00e4vs det att branschens olika akt\u00f6rer samverkar f\u00f6r hitta nya l\u00f6sningar fram\u00e5t. Som stor leverant\u00f6r av digitala tj\u00e4nster kopplade till b\u00e5de s\u00e4kerhet och h\u00e5llbarhet \u00e4r branschutveckling en del av v\u00e5rt DNA. D\u00e4rf\u00f6r vill vi samla perspektiv i alla olika led och ha en \u00f6ppen och transparent dialog om hur vi tillsammans kan skapa en s\u00e4ker och h\u00e5llbar byggbransch, s\u00e4ger Dan Friberg, koncernchef f\u00f6r Infobric Group.<\/span><span data-ccp-props=\"{}\">\u00a0<\/span><\/p>            <\/div>\n        <\/div>\n        \t\t<\/div>\n\t\t\t\t<\/div>\n\t\t\t\t\t<\/div>\n\t\t\t\t<\/div>\n\t\t<div class=\"elementor-element elementor-element-c882e5e e-flex e-con-boxed e-con e-parent\" data-id=\"c882e5e\" data-element_type=\"container\">\n\t\t\t\t\t<div class=\"e-con-inner\">\n\t\t\t\t<div class=\"elementor-element elementor-element-8bab63f elementor-widget elementor-widget-infobric_article_quote\" data-id=\"8bab63f\" data-element_type=\"widget\" data-widget_type=\"infobric_article_quote.default\">\n\t\t\t\t<div class=\"elementor-widget-container\">\n\t\t\t        <div class=\"article-quote-wrapper\">\n            <div class=\"article-quote-content\">\n                <blockquote class=\"article-quote-text article-quote\">\n                    \"F\u00f6r att n\u00e5 nollvisionen kr\u00e4vs det att branschens olika akt\u00f6rer samverkar f\u00f6r hitta nya l\u00f6sningar fram\u00e5t. Som stor leverant\u00f6r av digitala tj\u00e4nster kopplade till b\u00e5de s\u00e4kerhet och h\u00e5llbarhet \u00e4r branschutveckling en del av v\u00e5rt DNA.\u202f\"\n                <\/blockquote>\n                <cite class=\"article-quote-author article-quote-from\">\n                    \u2013 Dan Friberg, koncernchef, Infobric Group                <\/cite>\n            <\/div>\n        <\/div>\n        \t\t<\/div>\n\t\t\t\t<\/div>\n\t\t\t\t\t<\/div>\n\t\t\t\t<\/div>\n\t\t<div class=\"elementor-element elementor-element-909172c e-flex e-con-boxed e-con e-parent\" data-id=\"909172c\" data-element_type=\"container\">\n\t\t\t\t\t<div class=\"e-con-inner\">\n\t\t\t\t<div class=\"elementor-element elementor-element-1bc8507 elementor-widget elementor-widget-infobric_article_text\" data-id=\"1bc8507\" data-element_type=\"widget\" data-widget_type=\"infobric_article_text.default\">\n\t\t\t\t<div class=\"elementor-widget-container\">\n\t\t\t        <div class=\"article-text-wrapper\">\n            <div class=\"article-text-content\">\n                <p><span data-contrast=\"auto\">Till eventet har Infobric bjudit in representanter fr\u00e5n branschens olika akt\u00f6rer f\u00f6r att diskutera hur nollvisionen kan uppn\u00e5s. I panelen finns Catharina Elms\u00e4ter-Sv\u00e4rd, VD f\u00f6r Byggf\u00f6retagen, Kajsa Hessel, VD f\u00f6r Svensk Byggtj\u00e4nst, Anna Denell, H\u00e5llbarhetschef p\u00e5 Vasakronan,\u202f Henrik Landelius, Aff\u00e4rsomr\u00e5deschef f\u00f6r NCC Building Sweden och Mats Johansson, VD &amp; Koncernchef f\u00f6r Assemblin.<\/span><span data-ccp-props=\"{}\">\u00a0<\/span><\/p><p><i><span data-contrast=\"auto\">\u2013<\/span><\/i><span data-contrast=\"auto\">\u202fV\u00e5r f\u00f6rhoppning \u00e4r att s\u00e5 m\u00e5nga som m\u00f6jligt ska kunna delta och b\u00e5de komma med inspel samt f\u00e5 med sig konkreta id\u00e9er att vidareutveckla i sina organisationer. Safe Construction Summit kommer vara ett \u00e5rligt \u00e5terkommande forum som vi vill ska bidra till inspiration, diskussion och utveckling inom branschens viktigaste fr\u00e5ga, forts\u00e4tter Dan Friberg, koncernchef f\u00f6r Infobric Group.<\/span><span data-ccp-props=\"{}\">\u00a0<\/span><\/p>            <\/div>\n        <\/div>\n        \t\t<\/div>\n\t\t\t\t<\/div>\n\t\t\t\t\t<\/div>\n\t\t\t\t<\/div>\n\t\t<div class=\"elementor-element elementor-element-09477be e-flex e-con-boxed e-con e-parent\" data-id=\"09477be\" data-element_type=\"container\">\n\t\t\t\t\t<div class=\"e-con-inner\">\n\t\t\t\t<div class=\"elementor-element elementor-element-2f380ec elementor-widget elementor-widget-infobric_article_cta\" data-id=\"2f380ec\" data-element_type=\"widget\" data-widget_type=\"infobric_article_cta.default\">\n\t\t\t\t<div class=\"elementor-widget-container\">\n\t\t\t        <div class=\"article-cta-block\">\n            <div class=\"article-cta-content-wrapper\">\n                                    <div class=\"article-cta-content-link\">\n                        <div class=\"article-cta-image-wrapper\">\n                            <img loading=\"lazy\" width=\"300\" height=\"200\" src=\"https:\/\/infobric.com\/se\/wp-content\/uploads\/sites\/29\/2023\/12\/B2A4832-WEBSITE-300x200.avif\" class=\"article-cta-image\" alt=\"kvinna med mobil\" loading=\"lazy\" decoding=\"async\" sizes=\"(max-width: 768px) 100vw, 187px\" srcset=\"https:\/\/infobric.com\/se\/wp-content\/uploads\/sites\/29\/2023\/12\/B2A4832-WEBSITE-300x200.avif 300w, https:\/\/infobric.com\/se\/wp-content\/uploads\/sites\/29\/2023\/12\/B2A4832-WEBSITE-1024x683.avif 1024w, https:\/\/infobric.com\/se\/wp-content\/uploads\/sites\/29\/2023\/12\/B2A4832-WEBSITE-768x512.avif 768w, https:\/\/infobric.com\/se\/wp-content\/uploads\/sites\/29\/2023\/12\/B2A4832-WEBSITE-1536x1024.avif 1536w, https:\/\/infobric.com\/se\/wp-content\/uploads\/sites\/29\/2023\/12\/B2A4832-WEBSITE-600x400.avif 600w, https:\/\/infobric.com\/se\/wp-content\/uploads\/sites\/29\/2023\/12\/B2A4832-WEBSITE.avif 2048w\" \/>                        <\/div>\n\n                        <div class=\"article-cta-link-text-cta-wrapper\">\n                            <div class=\"article-cta-link-text-wrapper\">\n                                <h4 class=\"global-body-bold-m\">Vill du veta mer?<\/h4>\n                                <p class=\"global-body-light-m\">Kontakta oss!<\/p>\n                            <\/div>\n                            <a href=\"https:\/\/infobric.com\/se\/kontakta-oss\/\" class=\"ib-button-primary\">\n                                <div class=\"ib-button-primary-wrapper\">\n                                    <div class=\"ib-button-primary-btn-text global-body-button\">Till kontaktsidan<\/div>\n                                    <div class=\"ib-button-primary-btn-text-abs global-body-button\">Till kontaktsidan<\/div>\n                                <\/div>\n                            <\/a>\n                        <\/div>\n                    <\/div>\n\n                            <\/div>\n        <\/div>\n        \t\t<\/div>\n\t\t\t\t<\/div>\n\t\t\t\t\t<\/div>\n\t\t\t\t<\/div>\n\t\t\t\t<\/div>\n\t\t","protected":false},"excerpt":{"rendered":"<p>I samband med V\u00e4rldsarbetsmilj\u00f6dagen den 28 april arrangerar Infobric Group ett digitalt forum kring s\u00e4kerhet och h\u00e5llbarhet i byggbranschen \u2013 Safe Construction Summit. Syftet: att samla branschens akt\u00f6rer f\u00f6r att hitta en g\u00e5ngbar v\u00e4g mot nollvisionen. Byggbranschen \u00e4r en sektor som sedan l\u00e5ng tid tillbaka&#8230;<\/p>\n","protected":false},"author":29,"featured_media":8305,"comment_status":"closed","ping_status":"closed","sticky":false,"template":"","format":"standard","meta":{"_acf_changed":false,"footnotes":""},"categories":[34],"tags":[],"acf":[],"yoast_head":"<!-- This site is optimized with the Yoast SEO Premium plugin v22.5 (Yoast SEO v22.5) - https:\/\/yoast.com\/wordpress\/plugins\/seo\/ -->\n<title>Infobric samlar byggbranschens akt\u00f6rer i samtal om arbetsmilj\u00f6 och s\u00e4kerhet | Infobric<\/title>\n<meta name=\"description\" content=\"I samband med V\u00e4rldsarbetsmilj\u00f6dagen den 28 april arrangerar Infobric ett digitalt forum kring s\u00e4kerhet och h\u00e5llbarhet i byggbranschen.\" \/>\n<meta name=\"robots\" content=\"index, follow, max-snippet:-1, max-image-preview:large, max-video-preview:-1\" \/>\n<link rel=\"canonical\" href=\"https:\/\/infobric.com\/se\/nyheter\/infobric-samlar-byggbranschens-aktorer-i-samtal-om-arbetsmiljo-och-sakerhet\/\" \/>\n<meta property=\"og:locale\" content=\"sv_SE\" \/>\n<meta property=\"og:type\" content=\"article\" \/>\n<meta property=\"og:title\" content=\"Infobric samlar byggbranschens akt\u00f6rer i samtal om arbetsmilj\u00f6 och s\u00e4kerhet\" \/>\n<meta property=\"og:description\" content=\"I samband med V\u00e4rldsarbetsmilj\u00f6dagen den 28 april arrangerar Infobric ett digitalt forum kring s\u00e4kerhet och h\u00e5llbarhet i byggbranschen.\" \/>\n<meta property=\"og:url\" content=\"https:\/\/infobric.com\/se\/nyheter\/infobric-samlar-byggbranschens-aktorer-i-samtal-om-arbetsmiljo-och-sakerhet\/\" \/>\n<meta property=\"og:site_name\" content=\"Sweden\" \/>\n<meta property=\"article:published_time\" content=\"2021-04-26T15:11:47+00:00\" \/>\n<meta property=\"article:modified_time\" content=\"2026-02-22T18:19:34+00:00\" \/>\n<meta property=\"og:image\" content=\"https:\/\/infobric.com\/se\/wp-content\/uploads\/sites\/29\/2025\/02\/2025-02-06-16_12_14-Infobric-Construction-Archived-Articles.docx-och-3-sidor-till-Arbete-\u2013-Micro.png\" \/>\n\t<meta property=\"og:image:width\" content=\"892\" \/>\n\t<meta property=\"og:image:height\" content=\"554\" \/>\n\t<meta property=\"og:image:type\" content=\"image\/png\" \/>\n<meta name=\"author\" content=\"isabellemagnusson\" \/>\n<meta name=\"twitter:card\" content=\"summary_large_image\" \/>\n<script type=\"application\/ld+json\" class=\"yoast-schema-graph\">{\"@context\":\"https:\/\/schema.org\",\"@graph\":[{\"@type\":\"WebPage\",\"@id\":\"https:\/\/infobric.com\/se\/nyheter\/infobric-samlar-byggbranschens-aktorer-i-samtal-om-arbetsmiljo-och-sakerhet\/\",\"url\":\"https:\/\/infobric.com\/se\/nyheter\/infobric-samlar-byggbranschens-aktorer-i-samtal-om-arbetsmiljo-och-sakerhet\/\",\"name\":\"Infobric samlar byggbranschens akt\u00f6rer i samtal om arbetsmilj\u00f6 och s\u00e4kerhet | Infobric\",\"isPartOf\":{\"@id\":\"https:\/\/infobric.com\/se\/#website\"},\"primaryImageOfPage\":{\"@id\":\"https:\/\/infobric.com\/se\/nyheter\/infobric-samlar-byggbranschens-aktorer-i-samtal-om-arbetsmiljo-och-sakerhet\/#primaryimage\"},\"image\":{\"@id\":\"https:\/\/infobric.com\/se\/nyheter\/infobric-samlar-byggbranschens-aktorer-i-samtal-om-arbetsmiljo-och-sakerhet\/#primaryimage\"},\"thumbnailUrl\":\"https:\/\/infobric.com\/se\/wp-content\/uploads\/sites\/29\/2025\/02\/2025-02-06-16_12_14-Infobric-Construction-Archived-Articles.docx-och-3-sidor-till-Arbete-\u2013-Micro.png\",\"datePublished\":\"2021-04-26T15:11:47+00:00\",\"dateModified\":\"2026-02-22T18:19:34+00:00\",\"author\":{\"@id\":\"https:\/\/infobric.com\/se\/#\/schema\/person\/281c58d0fb889f64bbf592919c6ec3d9\"},\"description\":\"I samband med V\u00e4rldsarbetsmilj\u00f6dagen den 28 april arrangerar Infobric ett digitalt forum kring s\u00e4kerhet och h\u00e5llbarhet i byggbranschen.\",\"breadcrumb\":{\"@id\":\"https:\/\/infobric.com\/se\/nyheter\/infobric-samlar-byggbranschens-aktorer-i-samtal-om-arbetsmiljo-och-sakerhet\/#breadcrumb\"},\"inLanguage\":\"sv-SE\",\"potentialAction\":[{\"@type\":\"ReadAction\",\"target\":[\"https:\/\/infobric.com\/se\/nyheter\/infobric-samlar-byggbranschens-aktorer-i-samtal-om-arbetsmiljo-och-sakerhet\/\"]}]},{\"@type\":\"ImageObject\",\"inLanguage\":\"sv-SE\",\"@id\":\"https:\/\/infobric.com\/se\/nyheter\/infobric-samlar-byggbranschens-aktorer-i-samtal-om-arbetsmiljo-och-sakerhet\/#primaryimage\",\"url\":\"https:\/\/infobric.com\/se\/wp-content\/uploads\/sites\/29\/2025\/02\/2025-02-06-16_12_14-Infobric-Construction-Archived-Articles.docx-och-3-sidor-till-Arbete-\u2013-Micro.png\",\"contentUrl\":\"https:\/\/infobric.com\/se\/wp-content\/uploads\/sites\/29\/2025\/02\/2025-02-06-16_12_14-Infobric-Construction-Archived-Articles.docx-och-3-sidor-till-Arbete-\u2013-Micro.png\",\"width\":892,\"height\":554,\"caption\":\"Safe Construction Summit\"},{\"@type\":\"BreadcrumbList\",\"@id\":\"https:\/\/infobric.com\/se\/nyheter\/infobric-samlar-byggbranschens-aktorer-i-samtal-om-arbetsmiljo-och-sakerhet\/#breadcrumb\",\"itemListElement\":[{\"@type\":\"ListItem\",\"position\":1,\"name\":\"Home\",\"item\":\"https:\/\/infobric.com\/se\/\"},{\"@type\":\"ListItem\",\"position\":2,\"name\":\"Infobric samlar byggbranschens akt\u00f6rer i samtal om arbetsmilj\u00f6 och s\u00e4kerhet\"}]},{\"@type\":\"WebSite\",\"@id\":\"https:\/\/infobric.com\/se\/#website\",\"url\":\"https:\/\/infobric.com\/se\/\",\"name\":\"Sweden\",\"description\":\"\",\"alternateName\":\"infobric SE\",\"potentialAction\":[{\"@type\":\"SearchAction\",\"target\":{\"@type\":\"EntryPoint\",\"urlTemplate\":\"https:\/\/infobric.com\/se\/?s={search_term_string}\"},\"query-input\":\"required name=search_term_string\"}],\"inLanguage\":\"sv-SE\"},{\"@type\":\"ImageObject\",\"inLanguage\":\"sv-SE\",\"@id\":\"https:\/\/infobric.com\/se\/nyheter\/infobric-samlar-byggbranschens-aktorer-i-samtal-om-arbetsmiljo-och-sakerhet\/#local-main-organization-logo\",\"url\":\"\",\"contentUrl\":\"\",\"caption\":\"Infobric\"}]}<\/script>\n<!-- \/ Yoast SEO Premium plugin. -->","yoast_head_json":{"title":"Infobric samlar byggbranschens akt\u00f6rer i samtal om arbetsmilj\u00f6 och s\u00e4kerhet | Infobric","description":"I samband med V\u00e4rldsarbetsmilj\u00f6dagen den 28 april arrangerar Infobric ett digitalt forum kring s\u00e4kerhet och h\u00e5llbarhet i byggbranschen.","robots":{"index":"index","follow":"follow","max-snippet":"max-snippet:-1","max-image-preview":"max-image-preview:large","max-video-preview":"max-video-preview:-1"},"canonical":"https:\/\/infobric.com\/se\/nyheter\/infobric-samlar-byggbranschens-aktorer-i-samtal-om-arbetsmiljo-och-sakerhet\/","og_locale":"sv_SE","og_type":"article","og_title":"Infobric samlar byggbranschens akt\u00f6rer i samtal om arbetsmilj\u00f6 och s\u00e4kerhet","og_description":"I samband med V\u00e4rldsarbetsmilj\u00f6dagen den 28 april arrangerar Infobric ett digitalt forum kring s\u00e4kerhet och h\u00e5llbarhet i byggbranschen.","og_url":"https:\/\/infobric.com\/se\/nyheter\/infobric-samlar-byggbranschens-aktorer-i-samtal-om-arbetsmiljo-och-sakerhet\/","og_site_name":"Sweden","article_published_time":"2021-04-26T15:11:47+00:00","article_modified_time":"2026-02-22T18:19:34+00:00","og_image":[{"width":892,"height":554,"url":"https:\/\/infobric.com\/se\/wp-content\/uploads\/sites\/29\/2025\/02\/2025-02-06-16_12_14-Infobric-Construction-Archived-Articles.docx-och-3-sidor-till-Arbete-\u2013-Micro.png","type":"image\/png"}],"author":"isabellemagnusson","twitter_card":"summary_large_image","schema":{"@context":"https:\/\/schema.org","@graph":[{"@type":"WebPage","@id":"https:\/\/infobric.com\/se\/nyheter\/infobric-samlar-byggbranschens-aktorer-i-samtal-om-arbetsmiljo-och-sakerhet\/","url":"https:\/\/infobric.com\/se\/nyheter\/infobric-samlar-byggbranschens-aktorer-i-samtal-om-arbetsmiljo-och-sakerhet\/","name":"Infobric samlar byggbranschens akt\u00f6rer i samtal om arbetsmilj\u00f6 och s\u00e4kerhet | Infobric","isPartOf":{"@id":"https:\/\/infobric.com\/se\/#website"},"primaryImageOfPage":{"@id":"https:\/\/infobric.com\/se\/nyheter\/infobric-samlar-byggbranschens-aktorer-i-samtal-om-arbetsmiljo-och-sakerhet\/#primaryimage"},"image":{"@id":"https:\/\/infobric.com\/se\/nyheter\/infobric-samlar-byggbranschens-aktorer-i-samtal-om-arbetsmiljo-och-sakerhet\/#primaryimage"},"thumbnailUrl":"https:\/\/infobric.com\/se\/wp-content\/uploads\/sites\/29\/2025\/02\/2025-02-06-16_12_14-Infobric-Construction-Archived-Articles.docx-och-3-sidor-till-Arbete-\u2013-Micro.png","datePublished":"2021-04-26T15:11:47+00:00","dateModified":"2026-02-22T18:19:34+00:00","author":{"@id":"https:\/\/infobric.com\/se\/#\/schema\/person\/281c58d0fb889f64bbf592919c6ec3d9"},"description":"I samband med V\u00e4rldsarbetsmilj\u00f6dagen den 28 april arrangerar Infobric ett digitalt forum kring s\u00e4kerhet och h\u00e5llbarhet i byggbranschen.","breadcrumb":{"@id":"https:\/\/infobric.com\/se\/nyheter\/infobric-samlar-byggbranschens-aktorer-i-samtal-om-arbetsmiljo-och-sakerhet\/#breadcrumb"},"inLanguage":"sv-SE","potentialAction":[{"@type":"ReadAction","target":["https:\/\/infobric.com\/se\/nyheter\/infobric-samlar-byggbranschens-aktorer-i-samtal-om-arbetsmiljo-och-sakerhet\/"]}]},{"@type":"ImageObject","inLanguage":"sv-SE","@id":"https:\/\/infobric.com\/se\/nyheter\/infobric-samlar-byggbranschens-aktorer-i-samtal-om-arbetsmiljo-och-sakerhet\/#primaryimage","url":"https:\/\/infobric.com\/se\/wp-content\/uploads\/sites\/29\/2025\/02\/2025-02-06-16_12_14-Infobric-Construction-Archived-Articles.docx-och-3-sidor-till-Arbete-\u2013-Micro.png","contentUrl":"https:\/\/infobric.com\/se\/wp-content\/uploads\/sites\/29\/2025\/02\/2025-02-06-16_12_14-Infobric-Construction-Archived-Articles.docx-och-3-sidor-till-Arbete-\u2013-Micro.png","width":892,"height":554,"caption":"Safe Construction Summit"},{"@type":"BreadcrumbList","@id":"https:\/\/infobric.com\/se\/nyheter\/infobric-samlar-byggbranschens-aktorer-i-samtal-om-arbetsmiljo-och-sakerhet\/#breadcrumb","itemListElement":[{"@type":"ListItem","position":1,"name":"Home","item":"https:\/\/infobric.com\/se\/"},{"@type":"ListItem","position":2,"name":"Infobric samlar byggbranschens akt\u00f6rer i samtal om arbetsmilj\u00f6 och s\u00e4kerhet"}]},{"@type":"WebSite","@id":"https:\/\/infobric.com\/se\/#website","url":"https:\/\/infobric.com\/se\/","name":"Sweden","description":"","alternateName":"infobric SE","potentialAction":[{"@type":"SearchAction","target":{"@type":"EntryPoint","urlTemplate":"https:\/\/infobric.com\/se\/?s={search_term_string}"},"query-input":"required name=search_term_string"}],"inLanguage":"sv-SE"},{"@type":"ImageObject","inLanguage":"sv-SE","@id":"https:\/\/infobric.com\/se\/nyheter\/infobric-samlar-byggbranschens-aktorer-i-samtal-om-arbetsmiljo-och-sakerhet\/#local-main-organization-logo","url":"","contentUrl":"","caption":"Infobric"}]}},"_links":{"self":[{"href":"https:\/\/infobric.com\/se\/wp-json\/wp\/v2\/posts\/8304"}],"collection":[{"href":"https:\/\/infobric.com\/se\/wp-json\/wp\/v2\/posts"}],"about":[{"href":"https:\/\/infobric.com\/se\/wp-json\/wp\/v2\/types\/post"}],"author":[{"embeddable":true,"href":"https:\/\/infobric.com\/se\/wp-json\/wp\/v2\/users\/29"}],"replies":[{"embeddable":true,"href":"https:\/\/infobric.com\/se\/wp-json\/wp\/v2\/comments?post=8304"}],"version-history":[{"count":6,"href":"https:\/\/infobric.com\/se\/wp-json\/wp\/v2\/posts\/8304\/revisions"}],"predecessor-version":[{"id":27287,"href":"https:\/\/infobric.com\/se\/wp-json\/wp\/v2\/posts\/8304\/revisions\/27287"}],"wp:featuredmedia":[{"embeddable":true,"href":"https:\/\/infobric.com\/se\/wp-json\/wp\/v2\/media\/8305"}],"wp:attachment":[{"href":"https:\/\/infobric.com\/se\/wp-json\/wp\/v2\/media?parent=8304"}],"wp:term":[{"taxonomy":"category","embeddable":true,"href":"https:\/\/infobric.com\/se\/wp-json\/wp\/v2\/categories?post=8304"},{"taxonomy":"post_tag","embeddable":true,"href":"https:\/\/infobric.com\/se\/wp-json\/wp\/v2\/tags?post=8304"}],"curies":[{"name":"wp","href":"https:\/\/api.w.org\/{rel}","templated":true}]}}