{"id":8928,"date":"2022-08-17T17:05:18","date_gmt":"2022-08-17T17:05:18","guid":{"rendered":"https:\/\/infobric.se\/workforce\/?p=8928"},"modified":"2026-02-25T14:14:40","modified_gmt":"2026-02-25T14:14:40","slug":"stenkoll-pa-stens-bergborrning","status":"publish","type":"post","link":"https:\/\/infobric.com\/se\/kundberattelser\/stenkoll-pa-stens-bergborrning\/","title":{"rendered":"Stenkoll p\u00e5 Stens bergborrning"},"content":{"rendered":"\t\t<div data-elementor-type=\"wp-post\" data-elementor-id=\"8928\" class=\"elementor elementor-8928\" data-elementor-post-type=\"post\">\n\t\t\t\t<div class=\"elementor-element elementor-element-404ab29 e-flex e-con-boxed e-con e-parent\" data-id=\"404ab29\" data-element_type=\"container\">\n\t\t\t\t\t<div class=\"e-con-inner\">\n\t\t\t\t<div class=\"elementor-element elementor-element-7497b03 elementor-widget elementor-widget-infobric_article_intro\" data-id=\"7497b03\" data-element_type=\"widget\" data-widget_type=\"infobric_article_intro.default\">\n\t\t\t\t<div class=\"elementor-widget-container\">\n\t\t\t        <div class=\"article-intro-block\">\n            <div class=\"article-intro-wrapper\">\n                <div class=\"article-intro-content\">\n                    <p class=\"global-body-light-m\">Stens Bergborrning \u00e4r ett familje\u00e4gt f\u00f6retag bel\u00e4get i Forsa utanf\u00f6r Hudiksvall. F\u00f6retaget grundades 1995 av vd Sten \u00c5kesson, som idag driver det tillsammans med sina tv\u00e5 s\u00f6ner Daniel och Victor. Ytterligare sju medarbetare finns i f\u00f6retaget och gemensamt har man kompetens f\u00f6r att kunna utf\u00f6ra de flesta tj\u00e4nster inom bergarbetet. Vi har tr\u00e4ffat Victor \u00c5kesson f\u00f6r att h\u00f6r lite mer om Stens Bergborrning och samarbetet med Blastmanager.\n\n\n<\/p>\n                    <img fetchpriority=\"high\" width=\"768\" height=\"1024\" src=\"https:\/\/infobric.com\/se\/wp-content\/uploads\/sites\/29\/2025\/02\/1-3-768x1024-1.jpg\" class=\"attachment-large size-large\" alt=\"\" fetchpriority=\"high\" loading=\"eager\" decoding=\"async\" sizes=\"(max-width: 768px) 100vw, 600px\" srcset=\"https:\/\/infobric.com\/se\/wp-content\/uploads\/sites\/29\/2025\/02\/1-3-768x1024-1.jpg 768w, https:\/\/infobric.com\/se\/wp-content\/uploads\/sites\/29\/2025\/02\/1-3-768x1024-1-225x300.jpg 225w, https:\/\/infobric.com\/se\/wp-content\/uploads\/sites\/29\/2025\/02\/1-3-768x1024-1-600x800.jpg 600w\" \/>                <\/div>\n            <\/div>\n        <\/div>\n        \t\t<\/div>\n\t\t\t\t<\/div>\n\t\t\t\t<div class=\"elementor-element elementor-element-2a08e64 elementor-widget elementor-widget-infobric_article_text\" data-id=\"2a08e64\" data-element_type=\"widget\" data-widget_type=\"infobric_article_text.default\">\n\t\t\t\t<div class=\"elementor-widget-container\">\n\t\t\t        <div class=\"article-text-wrapper\">\n            <div class=\"article-text-content\">\n                <p>\u2013 Stens Bergborrning \u00e4r ett f\u00f6retag med kunden i fokus, ber\u00e4ttar Victor, och forts\u00e4tter:<\/p><section class=\"elementor-section elementor-top-section elementor-element elementor-element-bd98925 elementor-section-boxed elementor-section-height-default elementor-section-height-default\" data-id=\"bd98925\" data-element_type=\"section\"><div class=\"elementor-container elementor-column-gap-default\"><div class=\"elementor-column elementor-col-100 elementor-top-column elementor-element elementor-element-82d3f40\" data-id=\"82d3f40\" data-element_type=\"column\"><div class=\"elementor-widget-wrap elementor-element-populated\"><div class=\"elementor-element elementor-element-7d56a28 elementor-widget elementor-widget-text-editor\" data-id=\"7d56a28\" data-element_type=\"widget\" data-widget_type=\"text-editor.default\"><div class=\"elementor-widget-container\"><div class=\"elementor-element elementor-element-3520916f elementor-widget elementor-widget-text-editor\" data-id=\"3520916f\" data-element_type=\"widget\" data-widget_type=\"text-editor.default\"><div class=\"elementor-widget-container\"><p>\u2013 Vi arbetar st\u00e4ndigt med f\u00f6rb\u00e4ttringar p\u00e5 ett m\u00e5lmedvetet och offensivt s\u00e4tt, f\u00f6r att skapa n\u00f6jda kunder. Vi arbetar f\u00f6rebyggande och l\u00e5ngsiktigt med kvalitet som en integrerad del i den dagliga verksamheten.<\/p><\/div><\/div><\/div><\/div><\/div><\/div><\/div><\/section>            <\/div>\n        <\/div>\n        \t\t<\/div>\n\t\t\t\t<\/div>\n\t\t\t\t<div class=\"elementor-element elementor-element-3b1b052 elementor-widget elementor-widget-infobric_article_text\" data-id=\"3b1b052\" data-element_type=\"widget\" data-widget_type=\"infobric_article_text.default\">\n\t\t\t\t<div class=\"elementor-widget-container\">\n\t\t\t        <div class=\"article-text-wrapper\">\n            <div class=\"article-text-content\">\n                <section class=\"elementor-section elementor-top-section elementor-element elementor-element-bd98925 elementor-section-boxed elementor-section-height-default elementor-section-height-default\" data-id=\"bd98925\" data-element_type=\"section\"><div class=\"elementor-container elementor-column-gap-default\"><div class=\"elementor-column elementor-col-100 elementor-top-column elementor-element elementor-element-82d3f40\" data-id=\"82d3f40\" data-element_type=\"column\"><div class=\"elementor-widget-wrap elementor-element-populated\"><div class=\"elementor-element elementor-element-7d56a28 elementor-widget elementor-widget-text-editor\" data-id=\"7d56a28\" data-element_type=\"widget\" data-widget_type=\"text-editor.default\"><div class=\"elementor-widget-container\"><div class=\"elementor-element elementor-element-3520916f elementor-widget elementor-widget-text-editor\" data-id=\"3520916f\" data-element_type=\"widget\" data-widget_type=\"text-editor.default\"><div class=\"elementor-widget-container\"><p>Ut\u00f6ver h\u00f6ga ambitioner kring kundn\u00f6jdhet, arbetar Stens Bergborrning ocks\u00e5 f\u00f6r att vara ett f\u00f6retag som ligger i framkant g\u00e4llande teknikutvecklingen i branschen. Som ett led i detta har man valt att arbeta med Blastmanager som digitalt verktyg. Victor, som har flera olika funktioner i f\u00f6retaget, uppskattar f\u00f6rdelarna med tj\u00e4nsten:<\/p><p>\u00a0<\/p><\/div><\/div><div class=\"elementor-element elementor-element-7e9d9485 elementor-widget elementor-widget-text-editor\" data-id=\"7e9d9485\" data-element_type=\"widget\" data-widget_type=\"text-editor.default\"><div class=\"elementor-widget-container\"><p>\u2013 Jag arbetar med allt fr\u00e5n att k\u00f6ra borrvagn, spr\u00e4nga, s\u00e5ga och f\u00f6rst\u00e4rka berg, till att koordinera och planera framdriften p\u00e5 v\u00e5ra projekt. Sammanfattat \u00e4r jag en smutsig kille i varselkl\u00e4der, som i ena stunden har dynamit i handen och i n\u00e4sta stund en laptop.<\/p><\/div><\/div><\/div><\/div><\/div><\/div><\/div><\/section>            <\/div>\n        <\/div>\n        \t\t<\/div>\n\t\t\t\t<\/div>\n\t\t\t\t\t<\/div>\n\t\t\t\t<\/div>\n\t\t<div class=\"elementor-element elementor-element-440077d e-flex e-con-boxed e-con e-parent\" data-id=\"440077d\" data-element_type=\"container\">\n\t\t\t\t\t<div class=\"e-con-inner\">\n\t\t\t\t<div class=\"elementor-element elementor-element-3a88b7e elementor-widget elementor-widget-infobric_article_quote\" data-id=\"3a88b7e\" data-element_type=\"widget\" data-widget_type=\"infobric_article_quote.default\">\n\t\t\t\t<div class=\"elementor-widget-container\">\n\t\t\t        <div class=\"article-quote-wrapper\">\n            <div class=\"article-quote-content\">\n                <blockquote class=\"article-quote-text article-quote\">\n                    \"Blastmanager hj\u00e4lper oss i v\u00e5rt dagliga arbete genom f\u00f6rb\u00e4ttrad planering, kontroll och dokumentation.\"\n                <\/blockquote>\n                <cite class=\"article-quote-author article-quote-from\">\n                    \u2013 Victor \u00c5kesson, Stens Bergborrning                <\/cite>\n            <\/div>\n        <\/div>\n        \t\t<\/div>\n\t\t\t\t<\/div>\n\t\t\t\t<div class=\"elementor-element elementor-element-883d21d elementor-widget elementor-widget-infobric_article_text\" data-id=\"883d21d\" data-element_type=\"widget\" data-widget_type=\"infobric_article_text.default\">\n\t\t\t\t<div class=\"elementor-widget-container\">\n\t\t\t        <div class=\"article-text-wrapper\">\n            <div class=\"article-text-content\">\n                <p>\u2013 Med Blastmanager kan ett team av spr\u00e4ngare tillsammans g\u00e5 igenom dagens eller veckans arbete, planera framdrift och g\u00f6ra en\u00a0Salvdesign\u00a0innan laddningsarbetet startar. Vi anv\u00e4nder \u00e4ven funktionen\u00a0Lagerkontroll, som g\u00f6r det v\u00e4ldigt enkelt att kontrollera in- och uttag fr\u00e5n magasinen. Vi kan \u00f6verblicka v\u00e5ra lagersaldon digitalt, ha full kontroll p\u00e5 priser f\u00f6r respektive period, se produktinformation och s\u00e4kerhetsdatablad och generera ADR-transportdokument. Allt p\u00e5 ett och samma st\u00e4lle!<\/p>            <\/div>\n        <\/div>\n        \t\t<\/div>\n\t\t\t\t<\/div>\n\t\t\t\t<div class=\"elementor-element elementor-element-0b1d681 elementor-widget elementor-widget-infobric_article_text\" data-id=\"0b1d681\" data-element_type=\"widget\" data-widget_type=\"infobric_article_text.default\">\n\t\t\t\t<div class=\"elementor-widget-container\">\n\t\t\t        <div class=\"article-text-wrapper\">\n            <div class=\"article-text-content\">\n                <p><strong>P\u00e5 fr\u00e5gan om vilka som \u00e4r de st\u00f6rsta f\u00f6rdelarna med tj\u00e4nsten svarar Victor:<\/strong><\/p><div class=\"elementor-element elementor-element-3534de4d elementor-widget elementor-widget-text-editor\" data-id=\"3534de4d\" data-element_type=\"widget\" data-widget_type=\"text-editor.default\"><div class=\"elementor-widget-container\"><p>\u2013 Jag ser stora f\u00f6rdelar med Blastmanager och f\u00f6rutom tidigare n\u00e4mnda delar s\u00e5 ser jag stor potential inom samordning mellan oss och BAS-U p\u00e5 v\u00e5ra projekt. D\u00e5 Blastmanager erbjuder best\u00e4llare att f\u00e5 insyn i v\u00e5ra projekt, kan vi p\u00e5 det s\u00e4ttet arbeta aktivt inom v\u00e5r spr\u00e4ngningsplanering. P\u00e5 det h\u00e4r s\u00e4ttet kan vi tidigt g\u00f6ra en bevakningsplan f\u00f6r en planerad salva, BAS-U kan sedan godk\u00e4nna denna och som byggarbetsplatssamordnare ha f\u00e5gelperspektivet p\u00e5 stora arbetsplatser. P\u00e5 det viset g\u00f6r vi v\u00e5ra arbetsplatser s\u00e4krare.<\/p><\/div><\/div>            <\/div>\n        <\/div>\n        \t\t<\/div>\n\t\t\t\t<\/div>\n\t\t\t\t<div class=\"elementor-element elementor-element-2fa4377 elementor-widget elementor-widget-infobric_article_text_image\" data-id=\"2fa4377\" data-element_type=\"widget\" data-widget_type=\"infobric_article_text_image.default\">\n\t\t\t\t<div class=\"elementor-widget-container\">\n\t\t\t        <div class=\"article-text-image-wrapper\">\n            <div class=\"article-text-image-content\">\n                                    <div class=\"article-text-image-text-wrapper\">\n                        <h4 class=\"global-body-bold-m\">S\u00e4krare arbetsplatser och enklare kommunikation.<\/h4>\n                        <p class=\"global-body-light-m\">\u2013 Favoritfunktionen f\u00f6r mig \u00e4r dock utan tvekan m\u00f6jligheten att automatiskt kunna vidarebefordra en f\u00e4rdig spr\u00e4ngjournal till vald person, enkel men v\u00e4rdefull!<\/p>\n                    <\/div>\n                    <div class=\"article-text-image-image-wrapper\">\n                        <img loading=\"lazy\" width=\"768\" height=\"768\" src=\"https:\/\/infobric.com\/se\/wp-content\/uploads\/sites\/29\/2022\/08\/Victor-768x768.jpg\" class=\"attachment-medium_large size-medium_large\" alt=\"\" loading=\"lazy\" decoding=\"async\" sizes=\"(max-width: 768px) 100vw, 600px\" srcset=\"https:\/\/infobric.com\/se\/wp-content\/uploads\/sites\/29\/2022\/08\/Victor-768x768.jpg 768w, https:\/\/infobric.com\/se\/wp-content\/uploads\/sites\/29\/2022\/08\/Victor-300x300.jpg 300w, https:\/\/infobric.com\/se\/wp-content\/uploads\/sites\/29\/2022\/08\/Victor-150x150.jpg 150w, https:\/\/infobric.com\/se\/wp-content\/uploads\/sites\/29\/2022\/08\/Victor-600x600.jpg 600w, https:\/\/infobric.com\/se\/wp-content\/uploads\/sites\/29\/2022\/08\/Victor-100x100.jpg 100w, https:\/\/infobric.com\/se\/wp-content\/uploads\/sites\/29\/2022\/08\/Victor.jpg 1024w\" \/>                    <\/div>\n                            <\/div>\n        <\/div>\n        \t\t<\/div>\n\t\t\t\t<\/div>\n\t\t\t\t\t<\/div>\n\t\t\t\t<\/div>\n\t\t<div class=\"elementor-element elementor-element-8a6145c e-flex e-con-boxed e-con e-parent\" data-id=\"8a6145c\" data-element_type=\"container\">\n\t\t\t\t\t<div class=\"e-con-inner\">\n\t\t\t\t<div class=\"elementor-element elementor-element-f33ca9e elementor-widget elementor-widget-infobric_article_cta\" data-id=\"f33ca9e\" data-element_type=\"widget\" data-widget_type=\"infobric_article_cta.default\">\n\t\t\t\t<div class=\"elementor-widget-container\">\n\t\t\t        <div class=\"article-cta-block\">\n            <div class=\"article-cta-content-wrapper\">\n                                    <div class=\"article-cta-content-link\">\n                        <div class=\"article-cta-image-wrapper\">\n                            <img loading=\"lazy\" width=\"300\" height=\"200\" src=\"https:\/\/infobric.com\/se\/wp-content\/uploads\/sites\/29\/2025\/02\/INFOBRIC_B2A4277-WEBB-blast-sprangjournal-300x200.jpg\" class=\"article-cta-image\" alt=\"\" loading=\"lazy\" decoding=\"async\" sizes=\"(max-width: 768px) 100vw, 187px\" srcset=\"https:\/\/infobric.com\/se\/wp-content\/uploads\/sites\/29\/2025\/02\/INFOBRIC_B2A4277-WEBB-blast-sprangjournal-300x200.jpg 300w, https:\/\/infobric.com\/se\/wp-content\/uploads\/sites\/29\/2025\/02\/INFOBRIC_B2A4277-WEBB-blast-sprangjournal-1024x683.jpg 1024w, https:\/\/infobric.com\/se\/wp-content\/uploads\/sites\/29\/2025\/02\/INFOBRIC_B2A4277-WEBB-blast-sprangjournal-768x512.jpg 768w, https:\/\/infobric.com\/se\/wp-content\/uploads\/sites\/29\/2025\/02\/INFOBRIC_B2A4277-WEBB-blast-sprangjournal-1536x1024.jpg 1536w, https:\/\/infobric.com\/se\/wp-content\/uploads\/sites\/29\/2025\/02\/INFOBRIC_B2A4277-WEBB-blast-sprangjournal-2048x1366.jpg 2048w, https:\/\/infobric.com\/se\/wp-content\/uploads\/sites\/29\/2025\/02\/INFOBRIC_B2A4277-WEBB-blast-sprangjournal-600x400.jpg 600w\" \/>                        <\/div>\n\n                        <div class=\"article-cta-link-text-cta-wrapper\">\n                            <div class=\"article-cta-link-text-wrapper\">\n                                <h4 class=\"global-body-bold-m\">Infobric Blastmanager<\/h4>\n                                <p class=\"global-body-light-m\">Infobric Blastmanager g\u00f6r det b\u00e5de s\u00e4krare och enklare att spr\u00e4nga och sparar tid f\u00f6r alla parter. F\u00e5 hj\u00e4lp med allt fr\u00e5n planering och riskanalys till ber\u00e4kning av spr\u00e4ng\u00e4mnen och dokumentation.\n<\/p>\n                            <\/div>\n                            <a href=\"https:\/\/infobric.com\/se\/produkter\/blastmanager\/\" class=\"ib-button-primary\">\n                                <div class=\"ib-button-primary-wrapper\">\n                                    <div class=\"ib-button-primary-btn-text global-body-button\">L\u00e4s mer<\/div>\n                                    <div class=\"ib-button-primary-btn-text-abs global-body-button\">L\u00e4s mer<\/div>\n                                <\/div>\n                            <\/a>\n                        <\/div>\n                    <\/div>\n\n                            <\/div>\n        <\/div>\n        \t\t<\/div>\n\t\t\t\t<\/div>\n\t\t\t\t\t<\/div>\n\t\t\t\t<\/div>\n\t\t\t\t<\/div>\n\t\t","protected":false},"excerpt":{"rendered":"<p>Stens Bergborrning \u00e4r ett familje\u00e4gt f\u00f6retag bel\u00e4get i Forsa utanf\u00f6r Hudiksvall. F\u00f6retaget grundades 1995 av vd Sten \u00c5kesson, som idag driver det tillsammans med sina tv\u00e5 s\u00f6ner Daniel och Victor. Ytterligare sju medarbetare finns i f\u00f6retaget och gemensamt har man kompetens f\u00f6r att kunna utf\u00f6ra&#8230;<\/p>\n","protected":false},"author":9,"featured_media":18029,"comment_status":"closed","ping_status":"closed","sticky":false,"template":"","format":"standard","meta":{"_acf_changed":false,"footnotes":""},"categories":[33],"tags":[],"acf":[],"yoast_head":"<!-- This site is optimized with the Yoast SEO Premium plugin v22.5 (Yoast SEO v22.5) - https:\/\/yoast.com\/wordpress\/plugins\/seo\/ -->\n<title>Stenkoll p\u00e5 Stens bergborrning | Infobric<\/title>\n<meta name=\"description\" content=\"Vi har tr\u00e4ffat Victor p\u00e5 Stens Bergborrning f\u00f6r att h\u00f6r lite mer om Stens Bergborrning och samarbetet med Blastmanager.\" \/>\n<meta name=\"robots\" content=\"index, follow, max-snippet:-1, max-image-preview:large, max-video-preview:-1\" \/>\n<link rel=\"canonical\" href=\"https:\/\/infobric.com\/se\/kundberattelser\/stenkoll-pa-stens-bergborrning\/\" \/>\n<meta property=\"og:locale\" content=\"sv_SE\" \/>\n<meta property=\"og:type\" content=\"article\" \/>\n<meta property=\"og:title\" content=\"Stenkoll p\u00e5 Stens bergborrning\" \/>\n<meta property=\"og:description\" content=\"Vi har tr\u00e4ffat Victor p\u00e5 Stens Bergborrning f\u00f6r att h\u00f6r lite mer om Stens Bergborrning och samarbetet med Blastmanager.\" \/>\n<meta property=\"og:url\" content=\"https:\/\/infobric.com\/se\/kundberattelser\/stenkoll-pa-stens-bergborrning\/\" \/>\n<meta property=\"og:site_name\" content=\"Sweden\" \/>\n<meta property=\"article:published_time\" content=\"2022-08-17T17:05:18+00:00\" \/>\n<meta property=\"article:modified_time\" content=\"2026-02-25T14:14:40+00:00\" \/>\n<meta name=\"author\" content=\"Rebecca Nygren\" \/>\n<meta name=\"twitter:card\" content=\"summary_large_image\" \/>\n<script type=\"application\/ld+json\" class=\"yoast-schema-graph\">{\"@context\":\"https:\/\/schema.org\",\"@graph\":[{\"@type\":\"WebPage\",\"@id\":\"https:\/\/infobric.com\/se\/kundberattelser\/stenkoll-pa-stens-bergborrning\/\",\"url\":\"https:\/\/infobric.com\/se\/kundberattelser\/stenkoll-pa-stens-bergborrning\/\",\"name\":\"Stenkoll p\u00e5 Stens bergborrning | Infobric\",\"isPartOf\":{\"@id\":\"https:\/\/infobric.com\/se\/#website\"},\"primaryImageOfPage\":{\"@id\":\"https:\/\/infobric.com\/se\/kundberattelser\/stenkoll-pa-stens-bergborrning\/#primaryimage\"},\"image\":{\"@id\":\"https:\/\/infobric.com\/se\/kundberattelser\/stenkoll-pa-stens-bergborrning\/#primaryimage\"},\"thumbnailUrl\":\"https:\/\/infobric.com\/se\/wp-content\/uploads\/sites\/29\/2022\/08\/1-3-768x1024-1.avif\",\"datePublished\":\"2022-08-17T17:05:18+00:00\",\"dateModified\":\"2026-02-25T14:14:40+00:00\",\"author\":{\"@id\":\"https:\/\/infobric.com\/se\/#\/schema\/person\/9f4e00cf6fcae0e76877e28c02c58850\"},\"description\":\"Vi har tr\u00e4ffat Victor p\u00e5 Stens Bergborrning f\u00f6r att h\u00f6r lite mer om Stens Bergborrning och samarbetet med Blastmanager.\",\"breadcrumb\":{\"@id\":\"https:\/\/infobric.com\/se\/kundberattelser\/stenkoll-pa-stens-bergborrning\/#breadcrumb\"},\"inLanguage\":\"sv-SE\",\"potentialAction\":[{\"@type\":\"ReadAction\",\"target\":[\"https:\/\/infobric.com\/se\/kundberattelser\/stenkoll-pa-stens-bergborrning\/\"]}]},{\"@type\":\"ImageObject\",\"inLanguage\":\"sv-SE\",\"@id\":\"https:\/\/infobric.com\/se\/kundberattelser\/stenkoll-pa-stens-bergborrning\/#primaryimage\",\"url\":\"https:\/\/infobric.com\/se\/wp-content\/uploads\/sites\/29\/2022\/08\/1-3-768x1024-1.avif\",\"contentUrl\":\"https:\/\/infobric.com\/se\/wp-content\/uploads\/sites\/29\/2022\/08\/1-3-768x1024-1.avif\",\"width\":768,\"height\":1024,\"caption\":\"bergborrning\"},{\"@type\":\"BreadcrumbList\",\"@id\":\"https:\/\/infobric.com\/se\/kundberattelser\/stenkoll-pa-stens-bergborrning\/#breadcrumb\",\"itemListElement\":[{\"@type\":\"ListItem\",\"position\":1,\"name\":\"Home\",\"item\":\"https:\/\/infobric.com\/se\/\"},{\"@type\":\"ListItem\",\"position\":2,\"name\":\"Stenkoll p\u00e5 Stens bergborrning\"}]},{\"@type\":\"WebSite\",\"@id\":\"https:\/\/infobric.com\/se\/#website\",\"url\":\"https:\/\/infobric.com\/se\/\",\"name\":\"Sweden\",\"description\":\"\",\"alternateName\":\"infobric SE\",\"potentialAction\":[{\"@type\":\"SearchAction\",\"target\":{\"@type\":\"EntryPoint\",\"urlTemplate\":\"https:\/\/infobric.com\/se\/?s={search_term_string}\"},\"query-input\":\"required name=search_term_string\"}],\"inLanguage\":\"sv-SE\"},{\"@type\":\"ImageObject\",\"inLanguage\":\"sv-SE\",\"@id\":\"https:\/\/infobric.com\/se\/kundberattelser\/stenkoll-pa-stens-bergborrning\/#local-main-organization-logo\",\"url\":\"\",\"contentUrl\":\"\",\"caption\":\"Infobric\"}]}<\/script>\n<!-- \/ Yoast SEO Premium plugin. -->","yoast_head_json":{"title":"Stenkoll p\u00e5 Stens bergborrning | Infobric","description":"Vi har tr\u00e4ffat Victor p\u00e5 Stens Bergborrning f\u00f6r att h\u00f6r lite mer om Stens Bergborrning och samarbetet med Blastmanager.","robots":{"index":"index","follow":"follow","max-snippet":"max-snippet:-1","max-image-preview":"max-image-preview:large","max-video-preview":"max-video-preview:-1"},"canonical":"https:\/\/infobric.com\/se\/kundberattelser\/stenkoll-pa-stens-bergborrning\/","og_locale":"sv_SE","og_type":"article","og_title":"Stenkoll p\u00e5 Stens bergborrning","og_description":"Vi har tr\u00e4ffat Victor p\u00e5 Stens Bergborrning f\u00f6r att h\u00f6r lite mer om Stens Bergborrning och samarbetet med Blastmanager.","og_url":"https:\/\/infobric.com\/se\/kundberattelser\/stenkoll-pa-stens-bergborrning\/","og_site_name":"Sweden","article_published_time":"2022-08-17T17:05:18+00:00","article_modified_time":"2026-02-25T14:14:40+00:00","author":"Rebecca Nygren","twitter_card":"summary_large_image","schema":{"@context":"https:\/\/schema.org","@graph":[{"@type":"WebPage","@id":"https:\/\/infobric.com\/se\/kundberattelser\/stenkoll-pa-stens-bergborrning\/","url":"https:\/\/infobric.com\/se\/kundberattelser\/stenkoll-pa-stens-bergborrning\/","name":"Stenkoll p\u00e5 Stens bergborrning | Infobric","isPartOf":{"@id":"https:\/\/infobric.com\/se\/#website"},"primaryImageOfPage":{"@id":"https:\/\/infobric.com\/se\/kundberattelser\/stenkoll-pa-stens-bergborrning\/#primaryimage"},"image":{"@id":"https:\/\/infobric.com\/se\/kundberattelser\/stenkoll-pa-stens-bergborrning\/#primaryimage"},"thumbnailUrl":"https:\/\/infobric.com\/se\/wp-content\/uploads\/sites\/29\/2022\/08\/1-3-768x1024-1.avif","datePublished":"2022-08-17T17:05:18+00:00","dateModified":"2026-02-25T14:14:40+00:00","author":{"@id":"https:\/\/infobric.com\/se\/#\/schema\/person\/9f4e00cf6fcae0e76877e28c02c58850"},"description":"Vi har tr\u00e4ffat Victor p\u00e5 Stens Bergborrning f\u00f6r att h\u00f6r lite mer om Stens Bergborrning och samarbetet med Blastmanager.","breadcrumb":{"@id":"https:\/\/infobric.com\/se\/kundberattelser\/stenkoll-pa-stens-bergborrning\/#breadcrumb"},"inLanguage":"sv-SE","potentialAction":[{"@type":"ReadAction","target":["https:\/\/infobric.com\/se\/kundberattelser\/stenkoll-pa-stens-bergborrning\/"]}]},{"@type":"ImageObject","inLanguage":"sv-SE","@id":"https:\/\/infobric.com\/se\/kundberattelser\/stenkoll-pa-stens-bergborrning\/#primaryimage","url":"https:\/\/infobric.com\/se\/wp-content\/uploads\/sites\/29\/2022\/08\/1-3-768x1024-1.avif","contentUrl":"https:\/\/infobric.com\/se\/wp-content\/uploads\/sites\/29\/2022\/08\/1-3-768x1024-1.avif","width":768,"height":1024,"caption":"bergborrning"},{"@type":"BreadcrumbList","@id":"https:\/\/infobric.com\/se\/kundberattelser\/stenkoll-pa-stens-bergborrning\/#breadcrumb","itemListElement":[{"@type":"ListItem","position":1,"name":"Home","item":"https:\/\/infobric.com\/se\/"},{"@type":"ListItem","position":2,"name":"Stenkoll p\u00e5 Stens bergborrning"}]},{"@type":"WebSite","@id":"https:\/\/infobric.com\/se\/#website","url":"https:\/\/infobric.com\/se\/","name":"Sweden","description":"","alternateName":"infobric SE","potentialAction":[{"@type":"SearchAction","target":{"@type":"EntryPoint","urlTemplate":"https:\/\/infobric.com\/se\/?s={search_term_string}"},"query-input":"required name=search_term_string"}],"inLanguage":"sv-SE"},{"@type":"ImageObject","inLanguage":"sv-SE","@id":"https:\/\/infobric.com\/se\/kundberattelser\/stenkoll-pa-stens-bergborrning\/#local-main-organization-logo","url":"","contentUrl":"","caption":"Infobric"}]}},"_links":{"self":[{"href":"https:\/\/infobric.com\/se\/wp-json\/wp\/v2\/posts\/8928"}],"collection":[{"href":"https:\/\/infobric.com\/se\/wp-json\/wp\/v2\/posts"}],"about":[{"href":"https:\/\/infobric.com\/se\/wp-json\/wp\/v2\/types\/post"}],"author":[{"embeddable":true,"href":"https:\/\/infobric.com\/se\/wp-json\/wp\/v2\/users\/9"}],"replies":[{"embeddable":true,"href":"https:\/\/infobric.com\/se\/wp-json\/wp\/v2\/comments?post=8928"}],"version-history":[{"count":10,"href":"https:\/\/infobric.com\/se\/wp-json\/wp\/v2\/posts\/8928\/revisions"}],"predecessor-version":[{"id":27764,"href":"https:\/\/infobric.com\/se\/wp-json\/wp\/v2\/posts\/8928\/revisions\/27764"}],"wp:featuredmedia":[{"embeddable":true,"href":"https:\/\/infobric.com\/se\/wp-json\/wp\/v2\/media\/18029"}],"wp:attachment":[{"href":"https:\/\/infobric.com\/se\/wp-json\/wp\/v2\/media?parent=8928"}],"wp:term":[{"taxonomy":"category","embeddable":true,"href":"https:\/\/infobric.com\/se\/wp-json\/wp\/v2\/categories?post=8928"},{"taxonomy":"post_tag","embeddable":true,"href":"https:\/\/infobric.com\/se\/wp-json\/wp\/v2\/tags?post=8928"}],"curies":[{"name":"wp","href":"https:\/\/api.w.org\/{rel}","templated":true}]}}