{"id":9082,"date":"2017-10-31T14:41:07","date_gmt":"2017-10-31T14:41:07","guid":{"rendered":"https:\/\/infobric.se\/workforce\/?p=9082"},"modified":"2026-02-22T20:29:10","modified_gmt":"2026-02-22T20:29:10","slug":"prolog-har-vi-rad-med-en-god-arbetsmiljo","status":"publish","type":"post","link":"https:\/\/infobric.com\/se\/nyheter\/prolog-har-vi-rad-med-en-god-arbetsmiljo\/","title":{"rendered":"Prolog: Har vi r\u00e5d med en god arbetsmilj\u00f6?"},"content":{"rendered":"\t\t<div data-elementor-type=\"wp-post\" data-elementor-id=\"9082\" class=\"elementor elementor-9082\" data-elementor-post-type=\"post\">\n\t\t\t\t<div class=\"elementor-element elementor-element-b4a0bf8 e-flex e-con-boxed e-con e-parent\" data-id=\"b4a0bf8\" data-element_type=\"container\">\n\t\t\t\t\t<div class=\"e-con-inner\">\n\t\t\t\t<div class=\"elementor-element elementor-element-1beabc4 elementor-widget elementor-widget-infobric_article_intro\" data-id=\"1beabc4\" data-element_type=\"widget\" data-widget_type=\"infobric_article_intro.default\">\n\t\t\t\t<div class=\"elementor-widget-container\">\n\t\t\t        <div class=\"article-intro-block\">\n            <div class=\"article-intro-wrapper\">\n                <div class=\"article-intro-content\">\n                    <p class=\"global-body-light-m\">Sverige har h\u00f6gst byggkostnad i Europa och kostnaden f\u00f6r att bygga har \u00f6kat betydligt mer \u00e4n KPI och kostnadsutvecklingen i landet i \u00f6vrigt. Detta i kombination med att endast 2 procent av branschens akt\u00f6rer har kontinuerlig ekonomisk l\u00f6nsamhet renderar i att bl.a. arbetsmilj\u00f6arbetet prioriteras ned.<\/p>\n                    <img fetchpriority=\"high\" width=\"1024\" height=\"683\" src=\"https:\/\/infobric.com\/se\/wp-content\/uploads\/sites\/29\/2017\/10\/B2A2504-WEBSITE-1024x683.avif\" class=\"attachment-large size-large\" alt=\"maskin p\u00e5 byggarbetsplats.\" fetchpriority=\"high\" loading=\"eager\" decoding=\"async\" sizes=\"(max-width: 768px) 100vw, 600px\" srcset=\"https:\/\/infobric.com\/se\/wp-content\/uploads\/sites\/29\/2017\/10\/B2A2504-WEBSITE-1024x683.avif 1024w, https:\/\/infobric.com\/se\/wp-content\/uploads\/sites\/29\/2017\/10\/B2A2504-WEBSITE-300x200.avif 300w, https:\/\/infobric.com\/se\/wp-content\/uploads\/sites\/29\/2017\/10\/B2A2504-WEBSITE-768x512.avif 768w, https:\/\/infobric.com\/se\/wp-content\/uploads\/sites\/29\/2017\/10\/B2A2504-WEBSITE-1536x1024.avif 1536w, https:\/\/infobric.com\/se\/wp-content\/uploads\/sites\/29\/2017\/10\/B2A2504-WEBSITE-600x400.avif 600w, https:\/\/infobric.com\/se\/wp-content\/uploads\/sites\/29\/2017\/10\/B2A2504-WEBSITE.avif 2048w\" \/>                <\/div>\n            <\/div>\n        <\/div>\n        \t\t<\/div>\n\t\t\t\t<\/div>\n\t\t\t\t\t<\/div>\n\t\t\t\t<\/div>\n\t\t<div class=\"elementor-element elementor-element-fbf3d7e e-flex e-con-boxed e-con e-parent\" data-id=\"fbf3d7e\" data-element_type=\"container\">\n\t\t\t\t\t<div class=\"e-con-inner\">\n\t\t\t\t<div class=\"elementor-element elementor-element-4e28404 elementor-widget elementor-widget-infobric_article_text\" data-id=\"4e28404\" data-element_type=\"widget\" data-widget_type=\"infobric_article_text.default\">\n\t\t\t\t<div class=\"elementor-widget-container\">\n\t\t\t        <div class=\"article-text-wrapper\">\n            <div class=\"article-text-content\">\n                <p>Det ses som en kostnad likt m\u00e5nga andra som m\u00e5ste kapas. \u00d6verallt i debatten skriks det samtidigt efter l\u00e4genheter, massor av l\u00e4genheter. Det reella behovet ber\u00e4knas vara ca: 600 000 stycken innan 2025.<\/p><p>S\u00e5 hur motiverar vi samh\u00e4llsbyggarbranschen att investera i arbetsmilj\u00f6, i en tid av h\u00e5rd belastning, tighta tidsplaner och stora besparingskrav? Finns det en motsats mellan l\u00f6nsamhet och s\u00e4kerhet?<\/p><p>Arbetsmilj\u00f6 \u00e4r f\u00f6rst och fr\u00e4mst en fr\u00e5ga om liv och d\u00f6d, att alla ska komma hem hela och oskadda efter en dag p\u00e5 jobbet. Det \u00e4r dock viktigt at belysa n\u00e5got som m\u00e5nga inte k\u00e4nner till, n\u00e4mligen de positiva effekterna ett strategiskt arbetsmilj\u00f6arbete har p\u00e5 sista raden. McGraw Hill Construction Report (2013) unders\u00f6kte hur ett urval av byggf\u00f6retag p\u00e5verkades efter det att de implementerat mer systematiska s\u00e4kerhetsrutiner. Resultatet visade m\u00e4ngder med positiva effekter: 51 % \u00f6kade sin ROI, 43 % kortade ner den totala projekttiden, 82 % rapporterade att de fick ett \u00f6kad anseende, 71 % rapporterade f\u00e4rre olyckor, 66 % upplevde att de fick l\u00e4ttare att kontraktera nya kunder och 66 % rapporterade b\u00e4ttre projektkvalitet.<\/p><p>Icke v\u00e4rdeskapande tid eller som de ocks\u00e5 kallas, sl\u00f6serierna, i v\u00e5r bransch \u00e4r omfattande. Studier visar att cirka 30-40 % av ett projekts produktionskostnad \u00e4r rena sl\u00f6serier. Projekten har direkta kostnader knutna till h\u00e4lsa och s\u00e4kerhet. Den st\u00f6rsta kostnaden avser dock rehabilitering och f\u00f6rtidspensionering och belastar projekten indirekt via skatteinbetalningar. I ett r\u00e4kneexempel ser vi att ett projekt med en bruttoarea p\u00e5 10 000 kvm och en produktionskostnad p\u00e5 42 046 kr (2015, SCB) kan s\u00e4nka produktionskostnaden med 5 % (motsvarande cirka 20 miljoner) \u2013 bara med ett strategiskt arbetsmilj\u00f6arbete.<\/p><p>Vi \u00e4r \u00f6vertygade om att det h\u00f6gtryck vi i samh\u00e4llsbyggarbranschen lever och verkar i just nu ger upphov till fler potentiellt farliga situationer. Bygg snabbt, bygg billigt och g\u00e4rna f\u00e4rdigt ig\u00e5r \u2013 brukar det heta. V\u00e5r uppmaning \u00e4r att inte gl\u00f6mma s\u00e4kerheten i all denna byggmani.<\/p><h2>Tre tips f\u00f6r lyckat arbetsmilj\u00f6arbete och \u00f6kad l\u00f6nsamhet:<\/h2><ol><li><strong>\u00d6ka digitaliseringen<\/strong>\u00a0\u2013 anv\u00e4nd bra verktyg som underl\u00e4ttar och frig\u00f6r tid<\/li><li><strong>Uppr\u00e4tta st\u00f6djande processer<\/strong>\u00a0\u2013 satsa p\u00e5 att utveckla dina medarbetare och st\u00f6det f\u00f6r dem<\/li><li><strong>St\u00e4ndiga f\u00f6rb\u00e4ttringar<\/strong>\u00a0\u2013 str\u00e4va alltid att uppn\u00e5 nya m\u00e5l genom att m\u00e4ta, utv\u00e4rdera och f\u00f6rb\u00e4ttra<\/li><\/ol><p>Kort och gott leder ett systematiskt arbetsmilj\u00f6arbete till en mer attraktiv arbetsgivare, en s\u00e4krare arbetsplats, och kostnadsreduceringar.<\/p><p>Det finns ingen motsats mellan s\u00e4kerhet och l\u00f6nsamhet.<\/p>            <\/div>\n        <\/div>\n        \t\t<\/div>\n\t\t\t\t<\/div>\n\t\t\t\t\t<\/div>\n\t\t\t\t<\/div>\n\t\t<div class=\"elementor-element elementor-element-1ff1ef8 e-flex e-con-boxed e-con e-parent\" data-id=\"1ff1ef8\" data-element_type=\"container\">\n\t\t\t\t\t<div class=\"e-con-inner\">\n\t\t\t\t<div class=\"elementor-element elementor-element-8657652 elementor-widget elementor-widget-infobric_article_image\" data-id=\"8657652\" data-element_type=\"widget\" data-widget_type=\"infobric_article_image.default\">\n\t\t\t\t<div class=\"elementor-widget-container\">\n\t\t\t        <div class=\"article-image-wrapper\">\n            <div class=\"article-image-content\">\n                <img loading=\"lazy\" width=\"605\" height=\"373\" src=\"https:\/\/infobric.com\/se\/wp-content\/uploads\/sites\/29\/2017\/10\/Bild2.avif\" class=\"attachment-large size-large\" alt=\"portr\u00e4ttbider p\u00e5 infobrics expertr\u00e5d\" loading=\"lazy\" decoding=\"async\" sizes=\"(max-width: 768px) 100vw, 600px\" srcset=\"https:\/\/infobric.com\/se\/wp-content\/uploads\/sites\/29\/2017\/10\/Bild2.avif 605w, https:\/\/infobric.com\/se\/wp-content\/uploads\/sites\/29\/2017\/10\/Bild2-300x185.avif 300w, https:\/\/infobric.com\/se\/wp-content\/uploads\/sites\/29\/2017\/10\/Bild2-600x370.avif 600w\" \/>            <\/div>\n        <\/div>\n        \t\t<\/div>\n\t\t\t\t<\/div>\n\t\t\t\t\t<\/div>\n\t\t\t\t<\/div>\n\t\t<div class=\"elementor-element elementor-element-f372b01 e-flex e-con-boxed e-con e-parent\" data-id=\"f372b01\" data-element_type=\"container\">\n\t\t\t\t\t<div class=\"e-con-inner\">\n\t\t\t\t<div class=\"elementor-element elementor-element-eb7cffd elementor-widget elementor-widget-infobric_article_text\" data-id=\"eb7cffd\" data-element_type=\"widget\" data-widget_type=\"infobric_article_text.default\">\n\t\t\t\t<div class=\"elementor-widget-container\">\n\t\t\t        <div class=\"article-text-wrapper\">\n            <div class=\"article-text-content\">\n                <p>Jimmy Dahlstr\u00f6m &amp; Fanny Skoglund,\u00a0<a href=\"https:\/\/www.prolog.se\/\">Prolog<\/a><\/p><p><em>Jimmy \u00e4r Regionchef och \u00e4r specialiserad p\u00e5 supply chain management och f\u00f6r\u00e4ndringsledning. Med \u00f6ver 8 \u00e5rs erfarenhet av f\u00f6r\u00e4ndringsarbete i samh\u00e4llsbyggandet har Jimmy en bred kunskap och kompetens inom samh\u00e4llsbyggandet. Han \u00e4r \u00e4ven medlem i Ingenj\u00f6rer utan gr\u00e4nser, bloggar f\u00f6r Byggindustrin samt ordf\u00f6rande f\u00f6r region Storstockholm i Samh\u00e4llsbyggarna.<\/em><\/p><p><em>Fanny \u00e4r managementkonsult p\u00e5 Prolog, hon \u00e4r specialiserad p\u00e5 h\u00e5llbarhet och supply chain management och arbetar med f\u00f6r\u00e4ndringsledning och processledning inom samh\u00e4llsbyggarbranschen.<\/em><\/p>            <\/div>\n        <\/div>\n        \t\t<\/div>\n\t\t\t\t<\/div>\n\t\t\t\t\t<\/div>\n\t\t\t\t<\/div>\n\t\t<div class=\"elementor-element elementor-element-909a6bd e-flex e-con-boxed e-con e-parent\" data-id=\"909a6bd\" data-element_type=\"container\">\n\t\t\t\t\t<div class=\"e-con-inner\">\n\t\t\t\t<div class=\"elementor-element elementor-element-03d9b30 elementor-widget elementor-widget-infobric_article_cta\" data-id=\"03d9b30\" data-element_type=\"widget\" data-widget_type=\"infobric_article_cta.default\">\n\t\t\t\t<div class=\"elementor-widget-container\">\n\t\t\t        <div class=\"article-cta-block\">\n            <div class=\"article-cta-content-wrapper\">\n                                    <div class=\"article-cta-content-link\">\n                        <div class=\"article-cta-image-wrapper\">\n                            <img loading=\"lazy\" width=\"300\" height=\"200\" src=\"https:\/\/infobric.com\/se\/wp-content\/uploads\/sites\/29\/2023\/12\/B2A4832-WEBSITE-300x200.avif\" class=\"article-cta-image\" alt=\"kvinna med mobil\" loading=\"lazy\" decoding=\"async\" sizes=\"(max-width: 768px) 100vw, 187px\" srcset=\"https:\/\/infobric.com\/se\/wp-content\/uploads\/sites\/29\/2023\/12\/B2A4832-WEBSITE-300x200.avif 300w, https:\/\/infobric.com\/se\/wp-content\/uploads\/sites\/29\/2023\/12\/B2A4832-WEBSITE-1024x683.avif 1024w, https:\/\/infobric.com\/se\/wp-content\/uploads\/sites\/29\/2023\/12\/B2A4832-WEBSITE-768x512.avif 768w, https:\/\/infobric.com\/se\/wp-content\/uploads\/sites\/29\/2023\/12\/B2A4832-WEBSITE-1536x1024.avif 1536w, https:\/\/infobric.com\/se\/wp-content\/uploads\/sites\/29\/2023\/12\/B2A4832-WEBSITE-600x400.avif 600w, https:\/\/infobric.com\/se\/wp-content\/uploads\/sites\/29\/2023\/12\/B2A4832-WEBSITE.avif 2048w\" \/>                        <\/div>\n\n                        <div class=\"article-cta-link-text-cta-wrapper\">\n                            <div class=\"article-cta-link-text-wrapper\">\n                                <h4 class=\"global-body-bold-m\">Vill du veta mer?<\/h4>\n                                <p class=\"global-body-light-m\">Kontakta oss!<\/p>\n                            <\/div>\n                            <a href=\"https:\/\/infobric.com\/se\/kontakta-oss\/\" class=\"ib-button-primary\">\n                                <div class=\"ib-button-primary-wrapper\">\n                                    <div class=\"ib-button-primary-btn-text global-body-button\">Till kontaktsidan<\/div>\n                                    <div class=\"ib-button-primary-btn-text-abs global-body-button\">Till kontaktsidan<\/div>\n                                <\/div>\n                            <\/a>\n                        <\/div>\n                    <\/div>\n\n                            <\/div>\n        <\/div>\n        \t\t<\/div>\n\t\t\t\t<\/div>\n\t\t\t\t\t<\/div>\n\t\t\t\t<\/div>\n\t\t\t\t<\/div>\n\t\t","protected":false},"excerpt":{"rendered":"<p>Sverige har h\u00f6gst byggkostnad i Europa och kostnaden f\u00f6r att bygga har \u00f6kat betydligt mer \u00e4n KPI och kostnadsutvecklingen i landet i \u00f6vrigt. Detta i kombination med att endast 2 procent av branschens akt\u00f6rer har kontinuerlig ekonomisk l\u00f6nsamhet renderar i att bl.a. arbetsmilj\u00f6arbetet prioriteras ned&#8230;.<\/p>\n","protected":false},"author":29,"featured_media":21353,"comment_status":"closed","ping_status":"closed","sticky":false,"template":"","format":"standard","meta":{"_acf_changed":false,"footnotes":""},"categories":[34],"tags":[],"acf":[],"yoast_head":"<!-- This site is optimized with the Yoast SEO Premium plugin v22.5 (Yoast SEO v22.5) - https:\/\/yoast.com\/wordpress\/plugins\/seo\/ -->\n<title>Prolog: Har vi r\u00e5d med en god arbetsmilj\u00f6?<\/title>\n<meta name=\"description\" content=\"Sverige har Europas h\u00f6gsta byggkostnader. Endast 2 procent av byggbranschens akt\u00f6rer \u00e4r ekonomiskt l\u00f6nsamma p\u00e5 sikt, vilket har lett till att arbetsmilj\u00f6arbete f\u00e5r l\u00e4gre prioritet.\" \/>\n<meta name=\"robots\" content=\"index, follow, max-snippet:-1, max-image-preview:large, max-video-preview:-1\" \/>\n<link rel=\"canonical\" href=\"https:\/\/infobric.com\/se\/nyheter\/prolog-har-vi-rad-med-en-god-arbetsmiljo\/\" \/>\n<meta property=\"og:locale\" content=\"sv_SE\" \/>\n<meta property=\"og:type\" content=\"article\" \/>\n<meta property=\"og:title\" content=\"Prolog: Har vi r\u00e5d med en god arbetsmilj\u00f6?\" \/>\n<meta property=\"og:description\" content=\"Sverige har Europas h\u00f6gsta byggkostnader. Endast 2 procent av byggbranschens akt\u00f6rer \u00e4r ekonomiskt l\u00f6nsamma p\u00e5 sikt, vilket har lett till att arbetsmilj\u00f6arbete f\u00e5r l\u00e4gre prioritet.\" \/>\n<meta property=\"og:url\" content=\"https:\/\/infobric.com\/se\/nyheter\/prolog-har-vi-rad-med-en-god-arbetsmiljo\/\" \/>\n<meta property=\"og:site_name\" content=\"Sweden\" \/>\n<meta property=\"article:published_time\" content=\"2017-10-31T14:41:07+00:00\" \/>\n<meta property=\"article:modified_time\" content=\"2026-02-22T20:29:10+00:00\" \/>\n<meta name=\"author\" content=\"isabellemagnusson\" \/>\n<meta name=\"twitter:card\" content=\"summary_large_image\" \/>\n<script type=\"application\/ld+json\" class=\"yoast-schema-graph\">{\"@context\":\"https:\/\/schema.org\",\"@graph\":[{\"@type\":\"WebPage\",\"@id\":\"https:\/\/infobric.com\/se\/nyheter\/prolog-har-vi-rad-med-en-god-arbetsmiljo\/\",\"url\":\"https:\/\/infobric.com\/se\/nyheter\/prolog-har-vi-rad-med-en-god-arbetsmiljo\/\",\"name\":\"Prolog: Har vi r\u00e5d med en god arbetsmilj\u00f6?\",\"isPartOf\":{\"@id\":\"https:\/\/infobric.com\/se\/#website\"},\"primaryImageOfPage\":{\"@id\":\"https:\/\/infobric.com\/se\/nyheter\/prolog-har-vi-rad-med-en-god-arbetsmiljo\/#primaryimage\"},\"image\":{\"@id\":\"https:\/\/infobric.com\/se\/nyheter\/prolog-har-vi-rad-med-en-god-arbetsmiljo\/#primaryimage\"},\"thumbnailUrl\":\"https:\/\/infobric.com\/se\/wp-content\/uploads\/sites\/29\/2017\/10\/B2A2504-WEBSITE.avif\",\"datePublished\":\"2017-10-31T14:41:07+00:00\",\"dateModified\":\"2026-02-22T20:29:10+00:00\",\"author\":{\"@id\":\"https:\/\/infobric.com\/se\/#\/schema\/person\/281c58d0fb889f64bbf592919c6ec3d9\"},\"description\":\"Sverige har Europas h\u00f6gsta byggkostnader. Endast 2 procent av byggbranschens akt\u00f6rer \u00e4r ekonomiskt l\u00f6nsamma p\u00e5 sikt, vilket har lett till att arbetsmilj\u00f6arbete f\u00e5r l\u00e4gre prioritet.\",\"breadcrumb\":{\"@id\":\"https:\/\/infobric.com\/se\/nyheter\/prolog-har-vi-rad-med-en-god-arbetsmiljo\/#breadcrumb\"},\"inLanguage\":\"sv-SE\",\"potentialAction\":[{\"@type\":\"ReadAction\",\"target\":[\"https:\/\/infobric.com\/se\/nyheter\/prolog-har-vi-rad-med-en-god-arbetsmiljo\/\"]}]},{\"@type\":\"ImageObject\",\"inLanguage\":\"sv-SE\",\"@id\":\"https:\/\/infobric.com\/se\/nyheter\/prolog-har-vi-rad-med-en-god-arbetsmiljo\/#primaryimage\",\"url\":\"https:\/\/infobric.com\/se\/wp-content\/uploads\/sites\/29\/2017\/10\/B2A2504-WEBSITE.avif\",\"contentUrl\":\"https:\/\/infobric.com\/se\/wp-content\/uploads\/sites\/29\/2017\/10\/B2A2504-WEBSITE.avif\",\"width\":2048,\"height\":1365,\"caption\":\"maskin p\u00e5 byggarbetsplats.\"},{\"@type\":\"BreadcrumbList\",\"@id\":\"https:\/\/infobric.com\/se\/nyheter\/prolog-har-vi-rad-med-en-god-arbetsmiljo\/#breadcrumb\",\"itemListElement\":[{\"@type\":\"ListItem\",\"position\":1,\"name\":\"Home\",\"item\":\"https:\/\/infobric.com\/se\/\"},{\"@type\":\"ListItem\",\"position\":2,\"name\":\"Prolog: Har vi r\u00e5d med en god arbetsmilj\u00f6?\"}]},{\"@type\":\"WebSite\",\"@id\":\"https:\/\/infobric.com\/se\/#website\",\"url\":\"https:\/\/infobric.com\/se\/\",\"name\":\"Sweden\",\"description\":\"\",\"alternateName\":\"infobric SE\",\"potentialAction\":[{\"@type\":\"SearchAction\",\"target\":{\"@type\":\"EntryPoint\",\"urlTemplate\":\"https:\/\/infobric.com\/se\/?s={search_term_string}\"},\"query-input\":\"required name=search_term_string\"}],\"inLanguage\":\"sv-SE\"},{\"@type\":\"ImageObject\",\"inLanguage\":\"sv-SE\",\"@id\":\"https:\/\/infobric.com\/se\/nyheter\/prolog-har-vi-rad-med-en-god-arbetsmiljo\/#local-main-organization-logo\",\"url\":\"\",\"contentUrl\":\"\",\"caption\":\"Infobric\"}]}<\/script>\n<!-- \/ Yoast SEO Premium plugin. -->","yoast_head_json":{"title":"Prolog: Har vi r\u00e5d med en god arbetsmilj\u00f6?","description":"Sverige har Europas h\u00f6gsta byggkostnader. Endast 2 procent av byggbranschens akt\u00f6rer \u00e4r ekonomiskt l\u00f6nsamma p\u00e5 sikt, vilket har lett till att arbetsmilj\u00f6arbete f\u00e5r l\u00e4gre prioritet.","robots":{"index":"index","follow":"follow","max-snippet":"max-snippet:-1","max-image-preview":"max-image-preview:large","max-video-preview":"max-video-preview:-1"},"canonical":"https:\/\/infobric.com\/se\/nyheter\/prolog-har-vi-rad-med-en-god-arbetsmiljo\/","og_locale":"sv_SE","og_type":"article","og_title":"Prolog: Har vi r\u00e5d med en god arbetsmilj\u00f6?","og_description":"Sverige har Europas h\u00f6gsta byggkostnader. Endast 2 procent av byggbranschens akt\u00f6rer \u00e4r ekonomiskt l\u00f6nsamma p\u00e5 sikt, vilket har lett till att arbetsmilj\u00f6arbete f\u00e5r l\u00e4gre prioritet.","og_url":"https:\/\/infobric.com\/se\/nyheter\/prolog-har-vi-rad-med-en-god-arbetsmiljo\/","og_site_name":"Sweden","article_published_time":"2017-10-31T14:41:07+00:00","article_modified_time":"2026-02-22T20:29:10+00:00","author":"isabellemagnusson","twitter_card":"summary_large_image","schema":{"@context":"https:\/\/schema.org","@graph":[{"@type":"WebPage","@id":"https:\/\/infobric.com\/se\/nyheter\/prolog-har-vi-rad-med-en-god-arbetsmiljo\/","url":"https:\/\/infobric.com\/se\/nyheter\/prolog-har-vi-rad-med-en-god-arbetsmiljo\/","name":"Prolog: Har vi r\u00e5d med en god arbetsmilj\u00f6?","isPartOf":{"@id":"https:\/\/infobric.com\/se\/#website"},"primaryImageOfPage":{"@id":"https:\/\/infobric.com\/se\/nyheter\/prolog-har-vi-rad-med-en-god-arbetsmiljo\/#primaryimage"},"image":{"@id":"https:\/\/infobric.com\/se\/nyheter\/prolog-har-vi-rad-med-en-god-arbetsmiljo\/#primaryimage"},"thumbnailUrl":"https:\/\/infobric.com\/se\/wp-content\/uploads\/sites\/29\/2017\/10\/B2A2504-WEBSITE.avif","datePublished":"2017-10-31T14:41:07+00:00","dateModified":"2026-02-22T20:29:10+00:00","author":{"@id":"https:\/\/infobric.com\/se\/#\/schema\/person\/281c58d0fb889f64bbf592919c6ec3d9"},"description":"Sverige har Europas h\u00f6gsta byggkostnader. Endast 2 procent av byggbranschens akt\u00f6rer \u00e4r ekonomiskt l\u00f6nsamma p\u00e5 sikt, vilket har lett till att arbetsmilj\u00f6arbete f\u00e5r l\u00e4gre prioritet.","breadcrumb":{"@id":"https:\/\/infobric.com\/se\/nyheter\/prolog-har-vi-rad-med-en-god-arbetsmiljo\/#breadcrumb"},"inLanguage":"sv-SE","potentialAction":[{"@type":"ReadAction","target":["https:\/\/infobric.com\/se\/nyheter\/prolog-har-vi-rad-med-en-god-arbetsmiljo\/"]}]},{"@type":"ImageObject","inLanguage":"sv-SE","@id":"https:\/\/infobric.com\/se\/nyheter\/prolog-har-vi-rad-med-en-god-arbetsmiljo\/#primaryimage","url":"https:\/\/infobric.com\/se\/wp-content\/uploads\/sites\/29\/2017\/10\/B2A2504-WEBSITE.avif","contentUrl":"https:\/\/infobric.com\/se\/wp-content\/uploads\/sites\/29\/2017\/10\/B2A2504-WEBSITE.avif","width":2048,"height":1365,"caption":"maskin p\u00e5 byggarbetsplats."},{"@type":"BreadcrumbList","@id":"https:\/\/infobric.com\/se\/nyheter\/prolog-har-vi-rad-med-en-god-arbetsmiljo\/#breadcrumb","itemListElement":[{"@type":"ListItem","position":1,"name":"Home","item":"https:\/\/infobric.com\/se\/"},{"@type":"ListItem","position":2,"name":"Prolog: Har vi r\u00e5d med en god arbetsmilj\u00f6?"}]},{"@type":"WebSite","@id":"https:\/\/infobric.com\/se\/#website","url":"https:\/\/infobric.com\/se\/","name":"Sweden","description":"","alternateName":"infobric SE","potentialAction":[{"@type":"SearchAction","target":{"@type":"EntryPoint","urlTemplate":"https:\/\/infobric.com\/se\/?s={search_term_string}"},"query-input":"required name=search_term_string"}],"inLanguage":"sv-SE"},{"@type":"ImageObject","inLanguage":"sv-SE","@id":"https:\/\/infobric.com\/se\/nyheter\/prolog-har-vi-rad-med-en-god-arbetsmiljo\/#local-main-organization-logo","url":"","contentUrl":"","caption":"Infobric"}]}},"_links":{"self":[{"href":"https:\/\/infobric.com\/se\/wp-json\/wp\/v2\/posts\/9082"}],"collection":[{"href":"https:\/\/infobric.com\/se\/wp-json\/wp\/v2\/posts"}],"about":[{"href":"https:\/\/infobric.com\/se\/wp-json\/wp\/v2\/types\/post"}],"author":[{"embeddable":true,"href":"https:\/\/infobric.com\/se\/wp-json\/wp\/v2\/users\/29"}],"replies":[{"embeddable":true,"href":"https:\/\/infobric.com\/se\/wp-json\/wp\/v2\/comments?post=9082"}],"version-history":[{"count":5,"href":"https:\/\/infobric.com\/se\/wp-json\/wp\/v2\/posts\/9082\/revisions"}],"predecessor-version":[{"id":27334,"href":"https:\/\/infobric.com\/se\/wp-json\/wp\/v2\/posts\/9082\/revisions\/27334"}],"wp:featuredmedia":[{"embeddable":true,"href":"https:\/\/infobric.com\/se\/wp-json\/wp\/v2\/media\/21353"}],"wp:attachment":[{"href":"https:\/\/infobric.com\/se\/wp-json\/wp\/v2\/media?parent=9082"}],"wp:term":[{"taxonomy":"category","embeddable":true,"href":"https:\/\/infobric.com\/se\/wp-json\/wp\/v2\/categories?post=9082"},{"taxonomy":"post_tag","embeddable":true,"href":"https:\/\/infobric.com\/se\/wp-json\/wp\/v2\/tags?post=9082"}],"curies":[{"name":"wp","href":"https:\/\/api.w.org\/{rel}","templated":true}]}}