{"id":9540,"date":"2025-03-18T07:40:11","date_gmt":"2025-03-18T07:40:11","guid":{"rendered":"https:\/\/infobric.se\/workforce\/?p=9540"},"modified":"2026-04-10T08:44:52","modified_gmt":"2026-04-10T08:44:52","slug":"vem-far-vara-pa-byggarbetsplatsen","status":"publish","type":"post","link":"https:\/\/infobric.com\/se\/artiklar\/vem-far-vara-pa-byggarbetsplatsen\/","title":{"rendered":"Vem f\u00e5r vara p\u00e5 byggarbetsplatsen?"},"content":{"rendered":"\t\t<div data-elementor-type=\"wp-post\" data-elementor-id=\"9540\" class=\"elementor elementor-9540\" data-elementor-post-type=\"post\">\n\t\t\t\t<div class=\"elementor-element elementor-element-b8c7451 e-flex e-con-boxed e-con e-parent\" data-id=\"b8c7451\" data-element_type=\"container\">\n\t\t\t\t\t<div class=\"e-con-inner\">\n\t\t\t\t<div class=\"elementor-element elementor-element-75f4136 elementor-widget elementor-widget-infobric_article_intro\" data-id=\"75f4136\" data-element_type=\"widget\" data-widget_type=\"infobric_article_intro.default\">\n\t\t\t\t<div class=\"elementor-widget-container\">\n\t\t\t        <div class=\"article-intro-block\">\n            <div class=\"article-intro-wrapper\">\n                <div class=\"article-intro-content\">\n                    <p class=\"global-body-light-m\">Den 13 mars samlades byggbranschens experter och beslutsfattare p\u00e5 Scandic Continental i Stockholm f\u00f6r att diskutera en av branschens mest aktuella fr\u00e5gor: Vem har r\u00e4tt att vara p\u00e5 arbetsplatsen?  Med nya krav fr\u00e5n b\u00e5de myndigheter och finansi\u00e4rer m\u00e5ste f\u00f6retag i byggsektorn s\u00e4kerst\u00e4lla att r\u00e4tt personer \u00e4r p\u00e5 plats -  men hur efterlever man de nya kraven p\u00e5 ett effektivt, tryggt och smidigt s\u00e4tt?<\/p>\n                    <img fetchpriority=\"high\" width=\"1024\" height=\"820\" src=\"https:\/\/infobric.com\/se\/wp-content\/uploads\/sites\/29\/2025\/03\/Infobric-seminarium-13mars-1024x820.avif\" class=\"attachment-large size-large\" alt=\"infobric seminarium afs 2023:3\" fetchpriority=\"high\" loading=\"eager\" decoding=\"async\" sizes=\"(max-width: 768px) 100vw, 600px\" srcset=\"https:\/\/infobric.com\/se\/wp-content\/uploads\/sites\/29\/2025\/03\/Infobric-seminarium-13mars-1024x820.avif 1024w, https:\/\/infobric.com\/se\/wp-content\/uploads\/sites\/29\/2025\/03\/Infobric-seminarium-13mars-300x240.avif 300w, https:\/\/infobric.com\/se\/wp-content\/uploads\/sites\/29\/2025\/03\/Infobric-seminarium-13mars-768x615.avif 768w, https:\/\/infobric.com\/se\/wp-content\/uploads\/sites\/29\/2025\/03\/Infobric-seminarium-13mars-1536x1230.avif 1536w, https:\/\/infobric.com\/se\/wp-content\/uploads\/sites\/29\/2025\/03\/Infobric-seminarium-13mars-600x481.avif 600w, https:\/\/infobric.com\/se\/wp-content\/uploads\/sites\/29\/2025\/03\/Infobric-seminarium-13mars.avif 1920w\" \/>                <\/div>\n            <\/div>\n        <\/div>\n        \t\t<\/div>\n\t\t\t\t<\/div>\n\t\t\t\t\t<\/div>\n\t\t\t\t<\/div>\n\t\t<div class=\"elementor-element elementor-element-8298975 e-flex e-con-boxed e-con e-parent\" data-id=\"8298975\" data-element_type=\"container\">\n\t\t\t\t\t<div class=\"e-con-inner\">\n\t\t\t\t<div class=\"elementor-element elementor-element-3e53df9 elementor-widget elementor-widget-infobric_article_text\" data-id=\"3e53df9\" data-element_type=\"widget\" data-widget_type=\"infobric_article_text.default\">\n\t\t\t\t<div class=\"elementor-widget-container\">\n\t\t\t        <div class=\"article-text-wrapper\">\n            <div class=\"article-text-content\">\n                <p><span style=\"font-weight: 400\">Det \u00e4r tydligt att de nya krav och lagf\u00f6r\u00e4ndringar som introducerats under en relativt kort period skapar os\u00e4kerheter kring hur man ska arbeta med fr\u00e5gorna och att ingen akt\u00f6r har tagit helhetsgrepp om dessa fr\u00e5gor, det var ocks\u00e5 tydligt bland b\u00e5de entrepren\u00f6rer och best\u00e4llare att branschen beh\u00f6ver arbeta gemensamt f\u00f6r att skapa en tryggare byggbransch. <\/span><span style=\"font-weight: 400\">Under paneldebatten deltog fyra akt\u00f6rer som, utifr\u00e5n olika perspektiv, st\u00f6ttar branschen i att tolka och agera p\u00e5 de nya kraven.<\/span><\/p><p><strong>Panelen bestod av:<\/strong><\/p><p><span style=\"font-weight: 400\">Johan Welander, VD &amp; grundare p\u00e5 <\/span><b>BAMS<\/b><span style=\"font-weight: 400\"><br \/><\/span><span style=\"font-weight: 400\">Tobias Eng, S\u00e4lj &amp; marknadschef p\u00e5 <\/span><b>Sistec<\/b><b><br \/><\/b><span style=\"font-weight: 400\">Jimmy Dahlstr\u00f6m, Chef f\u00f6r Den tempor\u00e4ra fabriken p\u00e5 <\/span><b>Ramirent<\/b><span style=\"font-weight: 400\"><br \/><\/span><span style=\"font-weight: 400\">Viktor Broberg, Aff\u00e4rsutveckling p\u00e5 <\/span><b>Infobric Workforce<\/b><b><\/b><\/p>            <\/div>\n        <\/div>\n        \t\t<\/div>\n\t\t\t\t<\/div>\n\t\t\t\t<div class=\"elementor-element elementor-element-2b3608f elementor-widget elementor-widget-infobric_article_text\" data-id=\"2b3608f\" data-element_type=\"widget\" data-widget_type=\"infobric_article_text.default\">\n\t\t\t\t<div class=\"elementor-widget-container\">\n\t\t\t        <div class=\"article-text-wrapper\">\n            <div class=\"article-text-content\">\n                <h2>Den nya kravmilj\u00f6n - vad beh\u00f6ver branschen g\u00f6ra?<\/h2><p><span style=\"font-weight: 400\">Branschen st\u00e5r inf\u00f6r en \u00f6kad kravst\u00e4llning d\u00e4r byggherrar och entrepren\u00f6rer m\u00e5ste ta ett st\u00f6rre ansvar f\u00f6r att s\u00e4kerst\u00e4lla att de som arbetar p\u00e5 en byggarbetsplats \u00e4r beh\u00f6riga. Tv\u00e5 av de regelverk som p\u00e5verkar branschen mest \u00e4r <\/span><a href=\"https:\/\/infobric.com\/se\/bankinitiativet\/\">Bankinitiativets s\u00e4rskilda villkor (BHB)<\/a><span style=\"font-weight: 400\"> och <\/span><a href=\"https:\/\/infobric.com\/se\/guider\/afs-20233-viktiga-forandringar-for-byggbranschen\/\">Arbetsmilj\u00f6f\u00f6reskrifterna AFS 2023:3<\/a><span style=\"font-weight: 400\"><br \/><\/span><span style=\"font-weight: 400\"><br \/><\/span><span style=\"font-weight: 400\">Mot bakgrund av detta har paneldeltagarna \u00e4ven tagit fram en guide med rekommendationer och praktiska r\u00e5d f\u00f6r hur man kan arbeta med arbetsmilj\u00f6, s\u00e4kerhet och efterlevnad av kraven. Guiden belyser ocks\u00e5 synergierna mellan BHB och AFS 2023:3. Att f\u00f6rst\u00e5 synergierna mellan BHB och AFS 2023:3 hj\u00e4lper f\u00f6retag att skapa en enhetlig policy som uppfyller b\u00e5de s\u00e4kerhets- och h\u00e5llbarhetskrav samtidigt, vilket sparar b\u00e5de tid och resurser.<\/span><\/p><p><b>Vill du veta mer om hur du kan arbeta f\u00f6r en tryggare och mer transparent bransch?<\/b><\/p><p><strong><a href=\"https:\/\/infobric.com\/se\/seminarium-praktisk-tillampning-av-bankinitiativet-bhb-och-afs-20233\/\" target=\"_blank\" rel=\"noopener\">Ladda ner guiden<\/a><\/strong><\/p>            <\/div>\n        <\/div>\n        \t\t<\/div>\n\t\t\t\t<\/div>\n\t\t\t\t\t<\/div>\n\t\t\t\t<\/div>\n\t\t<div class=\"elementor-element elementor-element-93622d1 e-flex e-con-boxed e-con e-parent\" data-id=\"93622d1\" data-element_type=\"container\">\n\t\t\t\t\t<div class=\"e-con-inner\">\n\t\t\t\t<div class=\"elementor-element elementor-element-996dc08 elementor-widget elementor-widget-infobric_article_text\" data-id=\"996dc08\" data-element_type=\"widget\" data-widget_type=\"infobric_article_text.default\">\n\t\t\t\t<div class=\"elementor-widget-container\">\n\t\t\t        <div class=\"article-text-wrapper\">\n            <div class=\"article-text-content\">\n                <h2>F\u00f6rberedelse och proaktivitet, tv\u00e5 viktiga nycklar<\/h2><p><span style=\"font-weight: 400\">F\u00f6r att lyckas med de nya kraven beh\u00f6ver f\u00f6retag arbeta proaktivt och strukturerat. Viktor Broberg fr\u00e5n Infobric betonade att digitala l\u00f6sningar \u00e4r en viktig del av arbetet, men att de m\u00e5ste kombineras med tydliga rutiner och r\u00e4tt f\u00f6ruts\u00e4ttningar f\u00f6r alla inblandade:<\/span><\/p>            <\/div>\n        <\/div>\n        \t\t<\/div>\n\t\t\t\t<\/div>\n\t\t\t\t<div class=\"elementor-element elementor-element-890f7cd elementor-widget elementor-widget-infobric_article_quote\" data-id=\"890f7cd\" data-element_type=\"widget\" data-widget_type=\"infobric_article_quote.default\">\n\t\t\t\t<div class=\"elementor-widget-container\">\n\t\t\t        <div class=\"article-quote-wrapper\">\n            <div class=\"article-quote-content\">\n                <blockquote class=\"article-quote-text article-quote\">\n                    \"M\u00e5nga av v\u00e5ra kunder k\u00e4mpar med att f\u00e5 en helhetsbild \u00f6ver vilka som faktiskt \u00e4r p\u00e5 arbetsplatsen. Genom att digitalisera f\u00f6ranm\u00e4lan, n\u00e4rvarokontroller och beh\u00f6righetsstyrning f\u00e5r man b\u00e5de b\u00e4ttre kontroll och kan jobba mer proaktivt. Det absolut viktigaste \u00e4r att f\u00f6rtydliga ansvarsomr\u00e5den kring kring rutiner, uppf\u00f6ljning och vidarerapportering. Vad ska kontrolleras och vem ska g\u00f6ra det? Utan ett tydligt arbetss\u00e4tt blir det sv\u00e5rare att s\u00e4kerst\u00e4lla att endast beh\u00f6riga \u00e4r p\u00e5 arbetsplatsen.\"\n                <\/blockquote>\n                <cite class=\"article-quote-author article-quote-from\">\n                    \u2013 Viktor Broberg, Aff\u00e4rsutveckling, Infobric Workforce                <\/cite>\n            <\/div>\n        <\/div>\n        \t\t<\/div>\n\t\t\t\t<\/div>\n\t\t\t\t\t<\/div>\n\t\t\t\t<\/div>\n\t\t<div class=\"elementor-element elementor-element-ced7345 e-flex e-con-boxed e-con e-parent\" data-id=\"ced7345\" data-element_type=\"container\">\n\t\t\t\t\t<div class=\"e-con-inner\">\n\t\t\t\t<div class=\"elementor-element elementor-element-0d83b5d elementor-widget elementor-widget-infobric_article_text\" data-id=\"0d83b5d\" data-element_type=\"widget\" data-widget_type=\"infobric_article_text.default\">\n\t\t\t\t<div class=\"elementor-widget-container\">\n\t\t\t        <div class=\"article-text-wrapper\">\n            <div class=\"article-text-content\">\n                <h2>N\u00e4r kontrollen brister\u00a0<\/h2><p><span style=\"font-weight: 400\">En av utmaningarna som diskuterades var <\/span><i><span style=\"font-weight: 400\">hur<\/span><\/i><span style=\"font-weight: 400\"> man s\u00e4kerst\u00e4ller att r\u00e4tt personer befinner sig p\u00e5 arbetsplatsen -\u00a0 och vilka risker som finns n\u00e4r kontrollen brister. Tobias Eng fr\u00e5n Sistec delade med sig av sina erfarenheter kring vanliga avvikelser i kontrollerna:<\/span><\/p>            <\/div>\n        <\/div>\n        \t\t<\/div>\n\t\t\t\t<\/div>\n\t\t\t\t\t<\/div>\n\t\t\t\t<\/div>\n\t\t<div class=\"elementor-element elementor-element-8fe2b31 e-flex e-con-boxed e-con e-parent\" data-id=\"8fe2b31\" data-element_type=\"container\">\n\t\t\t\t\t<div class=\"e-con-inner\">\n\t\t\t\t<div class=\"elementor-element elementor-element-cceb689 elementor-widget elementor-widget-infobric_article_quote\" data-id=\"cceb689\" data-element_type=\"widget\" data-widget_type=\"infobric_article_quote.default\">\n\t\t\t\t<div class=\"elementor-widget-container\">\n\t\t\t        <div class=\"article-quote-wrapper\">\n            <div class=\"article-quote-content\">\n                <blockquote class=\"article-quote-text article-quote\">\n                    \"Vi ser tre vanliga avvikelser, som alla skiljer sig \u00e5t och d\u00e4r nyanseringen \u00e4r viktig. Varje s\u00e5 kallad avvikelse \u00e4r inte ett tecken p\u00e5 arbetslivskriminalitet. Vi har de som vill g\u00f6ra r\u00e4tt, men som saknar kunskap eller f\u00f6ruts\u00e4ttningar. Sedan har vi en gr\u00e5zon d\u00e4r ansvariga \u201cgenar i kurvorna\u201d och ger ofullst\u00e4ndig information. Och slutligen finns de som avsiktligt och medvetet uppger falsk information, till exempel genom falska pass.\"\n                <\/blockquote>\n                <cite class=\"article-quote-author article-quote-from\">\n                    \u2013 Tobias Eng, S\u00e4lj- &amp; Marknadschef, Sistec                <\/cite>\n            <\/div>\n        <\/div>\n        \t\t<\/div>\n\t\t\t\t<\/div>\n\t\t\t\t\t<\/div>\n\t\t\t\t<\/div>\n\t\t<div class=\"elementor-element elementor-element-17ba159 e-flex e-con-boxed e-con e-parent\" data-id=\"17ba159\" data-element_type=\"container\">\n\t\t\t\t\t<div class=\"e-con-inner\">\n\t\t\t\t<div class=\"elementor-element elementor-element-4a96509 elementor-widget elementor-widget-infobric_article_text\" data-id=\"4a96509\" data-element_type=\"widget\" data-widget_type=\"infobric_article_text.default\">\n\t\t\t\t<div class=\"elementor-widget-container\">\n\t\t\t        <div class=\"article-text-wrapper\">\n            <div class=\"article-text-content\">\n                <p><span style=\"font-weight: 400\">Att f\u00f6rst\u00e5 dessa skillnader \u00e4r avg\u00f6rande f\u00f6r att kunna vidta r\u00e4tt \u00e5tg\u00e4rder och st\u00f6tta seri\u00f6sa akt\u00f6rer, samtidigt som man stoppar de som medvetet bryter mot reglerna.<\/span><\/p>            <\/div>\n        <\/div>\n        \t\t<\/div>\n\t\t\t\t<\/div>\n\t\t\t\t\t<\/div>\n\t\t\t\t<\/div>\n\t\t<div class=\"elementor-element elementor-element-ad8cf4c e-flex e-con-boxed e-con e-parent\" data-id=\"ad8cf4c\" data-element_type=\"container\">\n\t\t\t\t\t<div class=\"e-con-inner\">\n\t\t\t\t<div class=\"elementor-element elementor-element-7ce2608 elementor-widget elementor-widget-infobric_article_text\" data-id=\"7ce2608\" data-element_type=\"widget\" data-widget_type=\"infobric_article_text.default\">\n\t\t\t\t<div class=\"elementor-widget-container\">\n\t\t\t        <div class=\"article-text-wrapper\">\n            <div class=\"article-text-content\">\n                <h2>S\u00e5 lyckas du med de nya kraven - panelens rekommendationer<\/h2><p><span style=\"font-weight: 400\">Panelen gav fyra tydliga rekommendationer f\u00f6r att m\u00f6ta de nya kraven och skapa en trygg och effektiv arbetsplats:<\/span><\/p><ul><li style=\"font-weight: 400\"><b>B\u00f6rja i tid<\/b><span style=\"font-weight: 400\"> -\u00a0 arbeta proaktivt redan i upphandlingsfasen och s\u00e4kerst\u00e4ll att alla krav \u00e4r tydliga.<\/span><\/li><li style=\"font-weight: 400\"><b>S\u00e4tt upp rutiner f\u00f6r kontroller<\/b><span style=\"font-weight: 400\"> - definiera vad som ska kontrolleras, n\u00e4r och av vem.<\/span><\/li><li style=\"font-weight: 400\"><b>Underl\u00e4tta f\u00f6r leverant\u00f6rerna<\/b><span style=\"font-weight: 400\"> - s\u00e4kerst\u00e4ll att de har r\u00e4tt kunskap och f\u00f6ruts\u00e4ttningar f\u00f6r att uppfylla kraven.<\/span><\/li><li style=\"font-weight: 400\"><b>Tydlig ansvarsf\u00f6rdelning<\/b><span> - n\u00e5gon m\u00e5ste ha ett helhetsansvar f\u00f6r samordning, personalliggare och beh\u00f6righetskontroller.<\/span><\/li><\/ul>            <\/div>\n        <\/div>\n        \t\t<\/div>\n\t\t\t\t<\/div>\n\t\t\t\t\t<\/div>\n\t\t\t\t<\/div>\n\t\t<div class=\"elementor-element elementor-element-0e0c907 e-flex e-con-boxed e-con e-parent\" data-id=\"0e0c907\" data-element_type=\"container\">\n\t\t\t\t\t<div class=\"e-con-inner\">\n\t\t\t\t<div class=\"elementor-element elementor-element-87687b4 elementor-widget elementor-widget-infobric_article_text\" data-id=\"87687b4\" data-element_type=\"widget\" data-widget_type=\"infobric_article_text.default\">\n\t\t\t\t<div class=\"elementor-widget-container\">\n\t\t\t        <div class=\"article-text-wrapper\">\n            <div class=\"article-text-content\">\n                <h2>Framtidens arbetsplatsstyrning<\/h2><p><span style=\"font-weight: 400\">Seminariet avslutades med en diskussion om utveckling fram\u00e5t, dess m\u00f6jligheter men ocks\u00e5 de utmaningar branschen st\u00e5r inf\u00f6r. Panelen var \u00f6verens om att digitalisering och automatiserade system kommer att f\u00e5 en st\u00f6rre roll i hur branschen hanterar beh\u00f6righeter och s\u00e4kerhet. Samtidigt lyfte de vikten av att arbeta proaktivt och ha en gemensam syn, d\u00e4r parterna \u00e4r eniga och ansvarsf\u00f6rdelningen \u00e4r tydlig. <\/span><\/p>            <\/div>\n        <\/div>\n        \t\t<\/div>\n\t\t\t\t<\/div>\n\t\t\t\t\t<\/div>\n\t\t\t\t<\/div>\n\t\t<div class=\"elementor-element elementor-element-5cd99a1 e-flex e-con-boxed e-con e-parent\" data-id=\"5cd99a1\" data-element_type=\"container\">\n\t\t\t\t\t<div class=\"e-con-inner\">\n\t\t\t\t<div class=\"elementor-element elementor-element-0a69899 elementor-widget elementor-widget-infobric_article_cta\" data-id=\"0a69899\" data-element_type=\"widget\" data-widget_type=\"infobric_article_cta.default\">\n\t\t\t\t<div class=\"elementor-widget-container\">\n\t\t\t        <div class=\"article-cta-block\">\n            <div class=\"article-cta-content-wrapper\">\n                                    <div class=\"article-cta-content-link\">\n                        <div class=\"article-cta-image-wrapper\">\n                                                    <\/div>\n\n                        <div class=\"article-cta-link-text-cta-wrapper\">\n                            <div class=\"article-cta-link-text-wrapper\">\n                                <h4 class=\"global-body-bold-m\">Vill du veta mer?<\/h4>\n                                <p class=\"global-body-light-m\">Kontakta oss!<\/p>\n                            <\/div>\n                            <a href=\"https:\/\/infobric.com\/se\/kontakta-oss\/\" class=\"ib-button-primary\">\n                                <div class=\"ib-button-primary-wrapper\">\n                                    <div class=\"ib-button-primary-btn-text global-body-button\">Till kontaktsidan<\/div>\n                                    <div class=\"ib-button-primary-btn-text-abs global-body-button\">Till kontaktsidan<\/div>\n                                <\/div>\n                            <\/a>\n                        <\/div>\n                    <\/div>\n\n                            <\/div>\n        <\/div>\n        \t\t<\/div>\n\t\t\t\t<\/div>\n\t\t\t\t\t<\/div>\n\t\t\t\t<\/div>\n\t\t\t\t<\/div>\n\t\t","protected":false},"excerpt":{"rendered":"<p>Den 13 mars samlades byggbranschens experter och beslutsfattare p\u00e5 Scandic Continental i Stockholm f\u00f6r att diskutera en av branschens mest aktuella fr\u00e5gor: Vem har r\u00e4tt att vara p\u00e5 arbetsplatsen? Med nya krav fr\u00e5n b\u00e5de myndigheter och finansi\u00e4rer m\u00e5ste f\u00f6retag i byggsektorn s\u00e4kerst\u00e4lla att r\u00e4tt personer&#8230;<\/p>\n","protected":false},"author":29,"featured_media":15923,"comment_status":"closed","ping_status":"closed","sticky":false,"template":"","format":"standard","meta":{"_acf_changed":false,"footnotes":""},"categories":[32],"tags":[],"acf":[],"yoast_head":"<!-- This site is optimized with the Yoast SEO Premium plugin v22.5 (Yoast SEO v22.5) - https:\/\/yoast.com\/wordpress\/plugins\/seo\/ -->\n<title>Vem f\u00e5r vara p\u00e5 byggarbetsplatsen?<\/title>\n<meta name=\"description\" content=\"Byggbranschens experter och beslutsfattare tr\u00e4ffades f\u00f6r att diskutera en av de mest aktuella fr\u00e5gorna: Vem har r\u00e4tt att vara p\u00e5 arbetsplatsen?\" \/>\n<meta name=\"robots\" content=\"index, follow, max-snippet:-1, max-image-preview:large, max-video-preview:-1\" \/>\n<link rel=\"canonical\" href=\"https:\/\/infobric.com\/se\/artiklar\/vem-far-vara-pa-byggarbetsplatsen\/\" \/>\n<meta property=\"og:locale\" content=\"sv_SE\" \/>\n<meta property=\"og:type\" content=\"article\" \/>\n<meta property=\"og:title\" content=\"Vem f\u00e5r vara p\u00e5 byggarbetsplatsen?\" \/>\n<meta property=\"og:description\" content=\"Byggbranschens experter och beslutsfattare tr\u00e4ffades f\u00f6r att diskutera en av de mest aktuella fr\u00e5gorna: Vem har r\u00e4tt att vara p\u00e5 arbetsplatsen?\" \/>\n<meta property=\"og:url\" content=\"https:\/\/infobric.com\/se\/artiklar\/vem-far-vara-pa-byggarbetsplatsen\/\" \/>\n<meta property=\"og:site_name\" content=\"Sweden\" \/>\n<meta property=\"article:published_time\" content=\"2025-03-18T07:40:11+00:00\" \/>\n<meta property=\"article:modified_time\" content=\"2026-04-10T08:44:52+00:00\" \/>\n<meta name=\"author\" content=\"isabellemagnusson\" \/>\n<meta name=\"twitter:card\" content=\"summary_large_image\" \/>\n<script type=\"application\/ld+json\" class=\"yoast-schema-graph\">{\"@context\":\"https:\/\/schema.org\",\"@graph\":[{\"@type\":\"WebPage\",\"@id\":\"https:\/\/infobric.com\/se\/artiklar\/vem-far-vara-pa-byggarbetsplatsen\/\",\"url\":\"https:\/\/infobric.com\/se\/artiklar\/vem-far-vara-pa-byggarbetsplatsen\/\",\"name\":\"Vem f\u00e5r vara p\u00e5 byggarbetsplatsen?\",\"isPartOf\":{\"@id\":\"https:\/\/infobric.com\/se\/#website\"},\"primaryImageOfPage\":{\"@id\":\"https:\/\/infobric.com\/se\/artiklar\/vem-far-vara-pa-byggarbetsplatsen\/#primaryimage\"},\"image\":{\"@id\":\"https:\/\/infobric.com\/se\/artiklar\/vem-far-vara-pa-byggarbetsplatsen\/#primaryimage\"},\"thumbnailUrl\":\"https:\/\/infobric.com\/se\/wp-content\/uploads\/sites\/29\/2025\/03\/Infobric-seminarium-13mars.avif\",\"datePublished\":\"2025-03-18T07:40:11+00:00\",\"dateModified\":\"2026-04-10T08:44:52+00:00\",\"author\":{\"@id\":\"https:\/\/infobric.com\/se\/#\/schema\/person\/281c58d0fb889f64bbf592919c6ec3d9\"},\"description\":\"Byggbranschens experter och beslutsfattare tr\u00e4ffades f\u00f6r att diskutera en av de mest aktuella fr\u00e5gorna: Vem har r\u00e4tt att vara p\u00e5 arbetsplatsen?\",\"breadcrumb\":{\"@id\":\"https:\/\/infobric.com\/se\/artiklar\/vem-far-vara-pa-byggarbetsplatsen\/#breadcrumb\"},\"inLanguage\":\"sv-SE\",\"potentialAction\":[{\"@type\":\"ReadAction\",\"target\":[\"https:\/\/infobric.com\/se\/artiklar\/vem-far-vara-pa-byggarbetsplatsen\/\"]}]},{\"@type\":\"ImageObject\",\"inLanguage\":\"sv-SE\",\"@id\":\"https:\/\/infobric.com\/se\/artiklar\/vem-far-vara-pa-byggarbetsplatsen\/#primaryimage\",\"url\":\"https:\/\/infobric.com\/se\/wp-content\/uploads\/sites\/29\/2025\/03\/Infobric-seminarium-13mars.avif\",\"contentUrl\":\"https:\/\/infobric.com\/se\/wp-content\/uploads\/sites\/29\/2025\/03\/Infobric-seminarium-13mars.avif\",\"width\":1920,\"height\":1538,\"caption\":\"infobric seminarium afs 2023:3\"},{\"@type\":\"BreadcrumbList\",\"@id\":\"https:\/\/infobric.com\/se\/artiklar\/vem-far-vara-pa-byggarbetsplatsen\/#breadcrumb\",\"itemListElement\":[{\"@type\":\"ListItem\",\"position\":1,\"name\":\"Home\",\"item\":\"https:\/\/infobric.com\/se\/\"},{\"@type\":\"ListItem\",\"position\":2,\"name\":\"Vem f\u00e5r vara p\u00e5 byggarbetsplatsen?\"}]},{\"@type\":\"WebSite\",\"@id\":\"https:\/\/infobric.com\/se\/#website\",\"url\":\"https:\/\/infobric.com\/se\/\",\"name\":\"Sweden\",\"description\":\"\",\"alternateName\":\"infobric SE\",\"potentialAction\":[{\"@type\":\"SearchAction\",\"target\":{\"@type\":\"EntryPoint\",\"urlTemplate\":\"https:\/\/infobric.com\/se\/?s={search_term_string}\"},\"query-input\":\"required name=search_term_string\"}],\"inLanguage\":\"sv-SE\"},{\"@type\":\"ImageObject\",\"inLanguage\":\"sv-SE\",\"@id\":\"https:\/\/infobric.com\/se\/artiklar\/vem-far-vara-pa-byggarbetsplatsen\/#local-main-organization-logo\",\"url\":\"\",\"contentUrl\":\"\",\"caption\":\"Infobric\"}]}<\/script>\n<!-- \/ Yoast SEO Premium plugin. -->","yoast_head_json":{"title":"Vem f\u00e5r vara p\u00e5 byggarbetsplatsen?","description":"Byggbranschens experter och beslutsfattare tr\u00e4ffades f\u00f6r att diskutera en av de mest aktuella fr\u00e5gorna: Vem har r\u00e4tt att vara p\u00e5 arbetsplatsen?","robots":{"index":"index","follow":"follow","max-snippet":"max-snippet:-1","max-image-preview":"max-image-preview:large","max-video-preview":"max-video-preview:-1"},"canonical":"https:\/\/infobric.com\/se\/artiklar\/vem-far-vara-pa-byggarbetsplatsen\/","og_locale":"sv_SE","og_type":"article","og_title":"Vem f\u00e5r vara p\u00e5 byggarbetsplatsen?","og_description":"Byggbranschens experter och beslutsfattare tr\u00e4ffades f\u00f6r att diskutera en av de mest aktuella fr\u00e5gorna: Vem har r\u00e4tt att vara p\u00e5 arbetsplatsen?","og_url":"https:\/\/infobric.com\/se\/artiklar\/vem-far-vara-pa-byggarbetsplatsen\/","og_site_name":"Sweden","article_published_time":"2025-03-18T07:40:11+00:00","article_modified_time":"2026-04-10T08:44:52+00:00","author":"isabellemagnusson","twitter_card":"summary_large_image","schema":{"@context":"https:\/\/schema.org","@graph":[{"@type":"WebPage","@id":"https:\/\/infobric.com\/se\/artiklar\/vem-far-vara-pa-byggarbetsplatsen\/","url":"https:\/\/infobric.com\/se\/artiklar\/vem-far-vara-pa-byggarbetsplatsen\/","name":"Vem f\u00e5r vara p\u00e5 byggarbetsplatsen?","isPartOf":{"@id":"https:\/\/infobric.com\/se\/#website"},"primaryImageOfPage":{"@id":"https:\/\/infobric.com\/se\/artiklar\/vem-far-vara-pa-byggarbetsplatsen\/#primaryimage"},"image":{"@id":"https:\/\/infobric.com\/se\/artiklar\/vem-far-vara-pa-byggarbetsplatsen\/#primaryimage"},"thumbnailUrl":"https:\/\/infobric.com\/se\/wp-content\/uploads\/sites\/29\/2025\/03\/Infobric-seminarium-13mars.avif","datePublished":"2025-03-18T07:40:11+00:00","dateModified":"2026-04-10T08:44:52+00:00","author":{"@id":"https:\/\/infobric.com\/se\/#\/schema\/person\/281c58d0fb889f64bbf592919c6ec3d9"},"description":"Byggbranschens experter och beslutsfattare tr\u00e4ffades f\u00f6r att diskutera en av de mest aktuella fr\u00e5gorna: Vem har r\u00e4tt att vara p\u00e5 arbetsplatsen?","breadcrumb":{"@id":"https:\/\/infobric.com\/se\/artiklar\/vem-far-vara-pa-byggarbetsplatsen\/#breadcrumb"},"inLanguage":"sv-SE","potentialAction":[{"@type":"ReadAction","target":["https:\/\/infobric.com\/se\/artiklar\/vem-far-vara-pa-byggarbetsplatsen\/"]}]},{"@type":"ImageObject","inLanguage":"sv-SE","@id":"https:\/\/infobric.com\/se\/artiklar\/vem-far-vara-pa-byggarbetsplatsen\/#primaryimage","url":"https:\/\/infobric.com\/se\/wp-content\/uploads\/sites\/29\/2025\/03\/Infobric-seminarium-13mars.avif","contentUrl":"https:\/\/infobric.com\/se\/wp-content\/uploads\/sites\/29\/2025\/03\/Infobric-seminarium-13mars.avif","width":1920,"height":1538,"caption":"infobric seminarium afs 2023:3"},{"@type":"BreadcrumbList","@id":"https:\/\/infobric.com\/se\/artiklar\/vem-far-vara-pa-byggarbetsplatsen\/#breadcrumb","itemListElement":[{"@type":"ListItem","position":1,"name":"Home","item":"https:\/\/infobric.com\/se\/"},{"@type":"ListItem","position":2,"name":"Vem f\u00e5r vara p\u00e5 byggarbetsplatsen?"}]},{"@type":"WebSite","@id":"https:\/\/infobric.com\/se\/#website","url":"https:\/\/infobric.com\/se\/","name":"Sweden","description":"","alternateName":"infobric SE","potentialAction":[{"@type":"SearchAction","target":{"@type":"EntryPoint","urlTemplate":"https:\/\/infobric.com\/se\/?s={search_term_string}"},"query-input":"required name=search_term_string"}],"inLanguage":"sv-SE"},{"@type":"ImageObject","inLanguage":"sv-SE","@id":"https:\/\/infobric.com\/se\/artiklar\/vem-far-vara-pa-byggarbetsplatsen\/#local-main-organization-logo","url":"","contentUrl":"","caption":"Infobric"}]}},"_links":{"self":[{"href":"https:\/\/infobric.com\/se\/wp-json\/wp\/v2\/posts\/9540"}],"collection":[{"href":"https:\/\/infobric.com\/se\/wp-json\/wp\/v2\/posts"}],"about":[{"href":"https:\/\/infobric.com\/se\/wp-json\/wp\/v2\/types\/post"}],"author":[{"embeddable":true,"href":"https:\/\/infobric.com\/se\/wp-json\/wp\/v2\/users\/29"}],"replies":[{"embeddable":true,"href":"https:\/\/infobric.com\/se\/wp-json\/wp\/v2\/comments?post=9540"}],"version-history":[{"count":16,"href":"https:\/\/infobric.com\/se\/wp-json\/wp\/v2\/posts\/9540\/revisions"}],"predecessor-version":[{"id":29399,"href":"https:\/\/infobric.com\/se\/wp-json\/wp\/v2\/posts\/9540\/revisions\/29399"}],"wp:featuredmedia":[{"embeddable":true,"href":"https:\/\/infobric.com\/se\/wp-json\/wp\/v2\/media\/15923"}],"wp:attachment":[{"href":"https:\/\/infobric.com\/se\/wp-json\/wp\/v2\/media?parent=9540"}],"wp:term":[{"taxonomy":"category","embeddable":true,"href":"https:\/\/infobric.com\/se\/wp-json\/wp\/v2\/categories?post=9540"},{"taxonomy":"post_tag","embeddable":true,"href":"https:\/\/infobric.com\/se\/wp-json\/wp\/v2\/tags?post=9540"}],"curies":[{"name":"wp","href":"https:\/\/api.w.org\/{rel}","templated":true}]}}