{"id":9990,"date":"2019-01-29T13:28:35","date_gmt":"2019-01-29T13:28:35","guid":{"rendered":"https:\/\/infobric.se\/workforce\/?p=9990"},"modified":"2026-01-27T10:46:35","modified_gmt":"2026-01-27T10:46:35","slug":"martin-dahlgren-vd-oljibe-digitalisering-och-hallbarhet-viktigast-framat","status":"publish","type":"post","link":"https:\/\/infobric.com\/se\/kundberattelser\/martin-dahlgren-vd-oljibe-digitalisering-och-hallbarhet-viktigast-framat\/","title":{"rendered":"Martin Dahlgren, vd Oljibe: \u201dDigitalisering och h\u00e5llbarhet viktigast fram\u00e5t\u201d"},"content":{"rendered":"\t\t<div data-elementor-type=\"wp-post\" data-elementor-id=\"9990\" class=\"elementor elementor-9990\" data-elementor-post-type=\"post\">\n\t\t\t\t<div class=\"elementor-element elementor-element-044a66f e-flex e-con-boxed e-con e-parent\" data-id=\"044a66f\" data-element_type=\"container\">\n\t\t\t\t\t<div class=\"e-con-inner\">\n\t\t\t\t<div class=\"elementor-element elementor-element-afb618d elementor-widget elementor-widget-infobric_article_intro\" data-id=\"afb618d\" data-element_type=\"widget\" data-widget_type=\"infobric_article_intro.default\">\n\t\t\t\t<div class=\"elementor-widget-container\">\n\t\t\t        <div class=\"article-intro-block\">\n            <div class=\"article-intro-wrapper\">\n                <div class=\"article-intro-content\">\n                    <p class=\"global-body-light-m\">I juni f\u00f6rra \u00e5ret tilltr\u00e4dde Martin Dahlgren som ny vd p\u00e5 Oljibe. Hans fr\u00e4msta fokus kommer ligga p\u00e5 att utveckla bolaget inom sina hj\u00e4rtefr\u00e5gor \u2013 digitalisering och h\u00e5llbarhet. Vi tog ett snack med Martin f\u00f6r att h\u00f6ra mer om framtidsplanerna.<\/p>\n                    <img fetchpriority=\"high\" width=\"908\" height=\"602\" src=\"https:\/\/infobric.com\/se\/wp-content\/uploads\/sites\/29\/2019\/01\/martin-dahlgren-oljive.avif\" class=\"attachment-large size-large\" alt=\"Oljibes vd\" fetchpriority=\"high\" loading=\"eager\" decoding=\"async\" sizes=\"(max-width: 768px) 100vw, 600px\" srcset=\"https:\/\/infobric.com\/se\/wp-content\/uploads\/sites\/29\/2019\/01\/martin-dahlgren-oljive.avif 908w, https:\/\/infobric.com\/se\/wp-content\/uploads\/sites\/29\/2019\/01\/martin-dahlgren-oljive-300x199.avif 300w, https:\/\/infobric.com\/se\/wp-content\/uploads\/sites\/29\/2019\/01\/martin-dahlgren-oljive-768x509.avif 768w, https:\/\/infobric.com\/se\/wp-content\/uploads\/sites\/29\/2019\/01\/martin-dahlgren-oljive-600x398.avif 600w\" \/>                <\/div>\n            <\/div>\n        <\/div>\n        \t\t<\/div>\n\t\t\t\t<\/div>\n\t\t\t\t\t<\/div>\n\t\t\t\t<\/div>\n\t\t<div class=\"elementor-element elementor-element-a0a6a8d e-flex e-con-boxed e-con e-parent\" data-id=\"a0a6a8d\" data-element_type=\"container\">\n\t\t\t\t\t<div class=\"e-con-inner\">\n\t\t\t\t<div class=\"elementor-element elementor-element-caa11d7 elementor-widget elementor-widget-infobric_article_text\" data-id=\"caa11d7\" data-element_type=\"widget\" data-widget_type=\"infobric_article_text.default\">\n\t\t\t\t<div class=\"elementor-widget-container\">\n\t\t\t        <div class=\"article-text-wrapper\">\n            <div class=\"article-text-content\">\n                <p>- Pressen kommer forts\u00e4tta att \u00f6ka p\u00e5 byggbranschen de kommande \u00e5ren. Som bransch beh\u00f6ver vi \u00f6ka v\u00e5r produktivitet avsev\u00e4rt och skifta till ett mer h\u00e5llbart byggande. Det kommer kr\u00e4va b\u00e5de nya arbetss\u00e4tt och verktyg, s\u00e4ger Martin.<\/p><p>Under Martins f\u00f6rsta halv\u00e5r som vd har han arbetat fram en ny aff\u00e4rsplan tillsammans med ledningsgruppen och styrelsen. F\u00f6r att m\u00f6ta den \u00f6kande pressen p\u00e5 branschen kommer Oljibes utvecklingsarbete att pr\u00e4glas av tv\u00e5 nya omr\u00e5den de kommande \u00e5ren: en \u00f6kad inriktning p\u00e5 milj\u00f6 och h\u00e5llbarhet samt ett strategiskt arbete med digitalisering.<\/p><p>Martin har en l\u00e5ng karri\u00e4r inom byggbranschen med sig. Han inledde karri\u00e4ren p\u00e5 Skanska och blev sedan konsult p\u00e5 Hifab, d\u00e4r han utvecklade ett nytt aff\u00e4rsomr\u00e5de inom just milj\u00f6 och h\u00e5llbarhet. Tiden p\u00e5 Hifab var \u00e4ven d\u00e5 passionen v\u00e4cktes att leda och utveckla specialistt\u00e4ta organisationer, ber\u00e4ttar Martin.<\/p><p>Efter Hifab gick Martin vidare till tv\u00e5 vd-roller, f\u00f6rst p\u00e5 ett konsultf\u00f6retag som k\u00f6ptes upp av \u00c5F och sedan p\u00e5 It-f\u00f6retaget Besedo.<\/p><p>- Under min tid p\u00e5 Besedo ledde jag bolagets digitaliseringsresa och fick en avg\u00f6rande insikt i hur digitalisering b\u00f6r g\u00e5 till. Det ville jag ta med mig tillbaka till byggbranschen.<\/p><p>I september 2015 var det dags. Martin \u00e5terv\u00e4nde till byggbranschen och tog sig an rollen som vd p\u00e5 det snabbv\u00e4xande byggbolaget Zengun, d\u00e4r han ledde bolaget genom kraftig tillv\u00e4xt och f\u00f6rberedelser f\u00f6r en kommande b\u00f6rsintroduktion. Under den h\u00e4r tiden lanserades \u00e4ven Infobric Field \u2013 och Zengun var ett av de f\u00f6rsta bolagen att testa tj\u00e4nsten.<\/p>            <\/div>\n        <\/div>\n        \t\t<\/div>\n\t\t\t\t<\/div>\n\t\t\t\t<div class=\"elementor-element elementor-element-7793463 elementor-widget elementor-widget-infobric_article_quote\" data-id=\"7793463\" data-element_type=\"widget\" data-widget_type=\"infobric_article_quote.default\">\n\t\t\t\t<div class=\"elementor-widget-container\">\n\t\t\t        <div class=\"article-quote-wrapper\">\n            <div class=\"article-quote-content\">\n                <blockquote class=\"article-quote-text article-quote\">\n                    \"Det \u00e4r riktigt roligt att ha kunnat f\u00f6lja\u00a0Infobric Field\u00a0fr\u00e5n b\u00f6rjan. Det \u00e4r ett v\u00e4ldigt bra exempel p\u00e5 hur digitalisering ska se ut i byggbranschen: det \u00e4r en handfast l\u00f6sning som fokuserar p\u00e5 en tydlig process, den kan anv\u00e4ndas av alla i projekten och den ger synliga resultat. P\u00e5 s\u00e5 s\u00e4tt skapar\u00a0Infobric Field\u00a0f\u00f6rtroende i organisationen f\u00f6r fortsatt digitalisering.\"\n                <\/blockquote>\n                <cite class=\"article-quote-author article-quote-from\">\n                    \u2013 Martin Dahlgren, VD Oljibe                <\/cite>\n            <\/div>\n        <\/div>\n        \t\t<\/div>\n\t\t\t\t<\/div>\n\t\t\t\t\t<\/div>\n\t\t\t\t<\/div>\n\t\t<div class=\"elementor-element elementor-element-b5ea76d e-flex e-con-boxed e-con e-parent\" data-id=\"b5ea76d\" data-element_type=\"container\">\n\t\t\t\t\t<div class=\"e-con-inner\">\n\t\t\t\t<div class=\"elementor-element elementor-element-03a49fd elementor-widget elementor-widget-infobric_article_text\" data-id=\"03a49fd\" data-element_type=\"widget\" data-widget_type=\"infobric_article_text.default\">\n\t\t\t\t<div class=\"elementor-widget-container\">\n\t\t\t        <div class=\"article-text-wrapper\">\n            <div class=\"article-text-content\">\n                <p>I och med att branschen \u00e4r tidig i sin digitala utveckling g\u00e4ller det att visa p\u00e5 vinsterna i att digitalisera vissa processer och sedan bygga vidare d\u00e4rifr\u00e5n. D\u00e5 \u00e4r det viktigt att det finns v\u00e4l genomt\u00e4nkta processer att utg\u00e5 ifr\u00e5n.<\/p><p>- Allt b\u00f6rjar med att definiera och implementera tydliga processer. De digitala verktygen ska sedan anv\u00e4ndas f\u00f6r att effektivisera och utveckla dessa processer. Det \u00e4r viktigt att man b\u00f6rjar i r\u00e4tt \u00e4nde.<\/p><p>Martin menar \u00e4ven att inst\u00e4llningen \u00e4r viktig f\u00f6r att klara den digitala omst\u00e4llningen.<\/p><p>- Digitalisering handlar egentligen om att hitta nya arbetss\u00e4tt f\u00f6r att arbeta effektivare. Dessa arbetss\u00e4tt skiljer sig fr\u00e5n hur vi har arbetat de senaste decennierna vilket kan skapa ett visst motst\u00e5nd. D\u00e4rf\u00f6r \u00e4r nyfikenhet och f\u00f6r\u00e4ndringsvilja otroligt viktiga komponenter f\u00f6r att lyckas med digitalisering.<\/p><p>Infobric Field\u00a0anv\u00e4nds \u00e4ven idag p\u00e5 Oljibe. Martin \u00e4r n\u00f6jd med att anv\u00e4nda verktyget \u00e4ven p\u00e5 sin nya arbetsplats och tycker att det skapar tydliga effektivitetsvinster och en s\u00e4krare arbetsmilj\u00f6 i produktionen. Det fyller en viktig funktion i det fortsatta digitaliseringsarbetet i f\u00f6retaget.<\/p><p>- Vi m\u00e5ste g\u00e5 mot en mer industrialiserad byggprocess som i h\u00f6gre utstr\u00e4ckning tar st\u00f6d av ett f\u00f6r\u00e4ndrat arbetss\u00e4tt som m\u00f6jligg\u00f6rs av nya digitala verktyg. Jag ser fram emot att leda Oljibe genom den f\u00f6r\u00e4ndringen de kommande \u00e5ren.<\/p>            <\/div>\n        <\/div>\n        \t\t<\/div>\n\t\t\t\t<\/div>\n\t\t\t\t\t<\/div>\n\t\t\t\t<\/div>\n\t\t\t\t<\/div>\n\t\t","protected":false},"excerpt":{"rendered":"<p>I juni f\u00f6rra \u00e5ret tilltr\u00e4dde Martin Dahlgren som ny vd p\u00e5 Oljibe. Hans fr\u00e4msta fokus kommer ligga p\u00e5 att utveckla bolaget inom sina hj\u00e4rtefr\u00e5gor \u2013 digitalisering och h\u00e5llbarhet. Vi tog ett snack med Martin f\u00f6r att h\u00f6ra mer om framtidsplanerna. &#8211; Pressen kommer forts\u00e4tta att&#8230;<\/p>\n","protected":false},"author":9,"featured_media":21295,"comment_status":"closed","ping_status":"closed","sticky":false,"template":"","format":"standard","meta":{"_acf_changed":false,"footnotes":""},"categories":[33],"tags":[],"acf":[],"yoast_head":"<!-- This site is optimized with the Yoast SEO Premium plugin v22.5 (Yoast SEO v22.5) - https:\/\/yoast.com\/wordpress\/plugins\/seo\/ -->\n<title>Martin Dahlgren, vd Oljibe: \u201dDigitalisering och h\u00e5llbarhet viktigast fram\u00e5t\u201d | Infobric<\/title>\n<meta name=\"description\" content=\"I juni f\u00f6rra \u00e5ret tilltr\u00e4dde Martin Dahlgren som ny vd p\u00e5 Oljibe. Hans fokus kommer ligga p\u00e5 att utveckla bolaget inom digitalisering och h\u00e5llbarhet.\" \/>\n<meta name=\"robots\" content=\"index, follow, max-snippet:-1, max-image-preview:large, max-video-preview:-1\" \/>\n<link rel=\"canonical\" href=\"https:\/\/infobric.com\/se\/kundberattelser\/martin-dahlgren-vd-oljibe-digitalisering-och-hallbarhet-viktigast-framat\/\" \/>\n<meta property=\"og:locale\" content=\"sv_SE\" \/>\n<meta property=\"og:type\" content=\"article\" \/>\n<meta property=\"og:title\" content=\"Martin Dahlgren, vd Oljibe: \u201dDigitalisering och h\u00e5llbarhet viktigast fram\u00e5t\u201d\" \/>\n<meta property=\"og:description\" content=\"I juni f\u00f6rra \u00e5ret tilltr\u00e4dde Martin Dahlgren som ny vd p\u00e5 Oljibe. Hans fokus kommer ligga p\u00e5 att utveckla bolaget inom digitalisering och h\u00e5llbarhet.\" \/>\n<meta property=\"og:url\" content=\"https:\/\/infobric.com\/se\/kundberattelser\/martin-dahlgren-vd-oljibe-digitalisering-och-hallbarhet-viktigast-framat\/\" \/>\n<meta property=\"og:site_name\" content=\"Sweden\" \/>\n<meta property=\"article:published_time\" content=\"2019-01-29T13:28:35+00:00\" \/>\n<meta property=\"article:modified_time\" content=\"2026-01-27T10:46:35+00:00\" \/>\n<meta name=\"author\" content=\"Rebecca Nygren\" \/>\n<meta name=\"twitter:card\" content=\"summary_large_image\" \/>\n<script type=\"application\/ld+json\" class=\"yoast-schema-graph\">{\"@context\":\"https:\/\/schema.org\",\"@graph\":[{\"@type\":\"WebPage\",\"@id\":\"https:\/\/infobric.com\/se\/kundberattelser\/martin-dahlgren-vd-oljibe-digitalisering-och-hallbarhet-viktigast-framat\/\",\"url\":\"https:\/\/infobric.com\/se\/kundberattelser\/martin-dahlgren-vd-oljibe-digitalisering-och-hallbarhet-viktigast-framat\/\",\"name\":\"Martin Dahlgren, vd Oljibe: \u201dDigitalisering och h\u00e5llbarhet viktigast fram\u00e5t\u201d | Infobric\",\"isPartOf\":{\"@id\":\"https:\/\/infobric.com\/se\/#website\"},\"primaryImageOfPage\":{\"@id\":\"https:\/\/infobric.com\/se\/kundberattelser\/martin-dahlgren-vd-oljibe-digitalisering-och-hallbarhet-viktigast-framat\/#primaryimage\"},\"image\":{\"@id\":\"https:\/\/infobric.com\/se\/kundberattelser\/martin-dahlgren-vd-oljibe-digitalisering-och-hallbarhet-viktigast-framat\/#primaryimage\"},\"thumbnailUrl\":\"https:\/\/infobric.com\/se\/wp-content\/uploads\/sites\/29\/2019\/01\/martin-dahlgren-oljive.avif\",\"datePublished\":\"2019-01-29T13:28:35+00:00\",\"dateModified\":\"2026-01-27T10:46:35+00:00\",\"author\":{\"@id\":\"https:\/\/infobric.com\/se\/#\/schema\/person\/9f4e00cf6fcae0e76877e28c02c58850\"},\"description\":\"I juni f\u00f6rra \u00e5ret tilltr\u00e4dde Martin Dahlgren som ny vd p\u00e5 Oljibe. Hans fokus kommer ligga p\u00e5 att utveckla bolaget inom digitalisering och h\u00e5llbarhet.\",\"breadcrumb\":{\"@id\":\"https:\/\/infobric.com\/se\/kundberattelser\/martin-dahlgren-vd-oljibe-digitalisering-och-hallbarhet-viktigast-framat\/#breadcrumb\"},\"inLanguage\":\"sv-SE\",\"potentialAction\":[{\"@type\":\"ReadAction\",\"target\":[\"https:\/\/infobric.com\/se\/kundberattelser\/martin-dahlgren-vd-oljibe-digitalisering-och-hallbarhet-viktigast-framat\/\"]}]},{\"@type\":\"ImageObject\",\"inLanguage\":\"sv-SE\",\"@id\":\"https:\/\/infobric.com\/se\/kundberattelser\/martin-dahlgren-vd-oljibe-digitalisering-och-hallbarhet-viktigast-framat\/#primaryimage\",\"url\":\"https:\/\/infobric.com\/se\/wp-content\/uploads\/sites\/29\/2019\/01\/martin-dahlgren-oljive.avif\",\"contentUrl\":\"https:\/\/infobric.com\/se\/wp-content\/uploads\/sites\/29\/2019\/01\/martin-dahlgren-oljive.avif\",\"width\":908,\"height\":602,\"caption\":\"Oljibes vd\"},{\"@type\":\"BreadcrumbList\",\"@id\":\"https:\/\/infobric.com\/se\/kundberattelser\/martin-dahlgren-vd-oljibe-digitalisering-och-hallbarhet-viktigast-framat\/#breadcrumb\",\"itemListElement\":[{\"@type\":\"ListItem\",\"position\":1,\"name\":\"Home\",\"item\":\"https:\/\/infobric.com\/se\/\"},{\"@type\":\"ListItem\",\"position\":2,\"name\":\"Martin Dahlgren, vd Oljibe: \u201dDigitalisering och h\u00e5llbarhet viktigast fram\u00e5t\u201d\"}]},{\"@type\":\"WebSite\",\"@id\":\"https:\/\/infobric.com\/se\/#website\",\"url\":\"https:\/\/infobric.com\/se\/\",\"name\":\"Sweden\",\"description\":\"\",\"alternateName\":\"infobric SE\",\"potentialAction\":[{\"@type\":\"SearchAction\",\"target\":{\"@type\":\"EntryPoint\",\"urlTemplate\":\"https:\/\/infobric.com\/se\/?s={search_term_string}\"},\"query-input\":\"required name=search_term_string\"}],\"inLanguage\":\"sv-SE\"},{\"@type\":\"ImageObject\",\"inLanguage\":\"sv-SE\",\"@id\":\"https:\/\/infobric.com\/se\/kundberattelser\/martin-dahlgren-vd-oljibe-digitalisering-och-hallbarhet-viktigast-framat\/#local-main-organization-logo\",\"url\":\"\",\"contentUrl\":\"\",\"caption\":\"Infobric\"}]}<\/script>\n<!-- \/ Yoast SEO Premium plugin. -->","yoast_head_json":{"title":"Martin Dahlgren, vd Oljibe: \u201dDigitalisering och h\u00e5llbarhet viktigast fram\u00e5t\u201d | Infobric","description":"I juni f\u00f6rra \u00e5ret tilltr\u00e4dde Martin Dahlgren som ny vd p\u00e5 Oljibe. Hans fokus kommer ligga p\u00e5 att utveckla bolaget inom digitalisering och h\u00e5llbarhet.","robots":{"index":"index","follow":"follow","max-snippet":"max-snippet:-1","max-image-preview":"max-image-preview:large","max-video-preview":"max-video-preview:-1"},"canonical":"https:\/\/infobric.com\/se\/kundberattelser\/martin-dahlgren-vd-oljibe-digitalisering-och-hallbarhet-viktigast-framat\/","og_locale":"sv_SE","og_type":"article","og_title":"Martin Dahlgren, vd Oljibe: \u201dDigitalisering och h\u00e5llbarhet viktigast fram\u00e5t\u201d","og_description":"I juni f\u00f6rra \u00e5ret tilltr\u00e4dde Martin Dahlgren som ny vd p\u00e5 Oljibe. Hans fokus kommer ligga p\u00e5 att utveckla bolaget inom digitalisering och h\u00e5llbarhet.","og_url":"https:\/\/infobric.com\/se\/kundberattelser\/martin-dahlgren-vd-oljibe-digitalisering-och-hallbarhet-viktigast-framat\/","og_site_name":"Sweden","article_published_time":"2019-01-29T13:28:35+00:00","article_modified_time":"2026-01-27T10:46:35+00:00","author":"Rebecca Nygren","twitter_card":"summary_large_image","schema":{"@context":"https:\/\/schema.org","@graph":[{"@type":"WebPage","@id":"https:\/\/infobric.com\/se\/kundberattelser\/martin-dahlgren-vd-oljibe-digitalisering-och-hallbarhet-viktigast-framat\/","url":"https:\/\/infobric.com\/se\/kundberattelser\/martin-dahlgren-vd-oljibe-digitalisering-och-hallbarhet-viktigast-framat\/","name":"Martin Dahlgren, vd Oljibe: \u201dDigitalisering och h\u00e5llbarhet viktigast fram\u00e5t\u201d | Infobric","isPartOf":{"@id":"https:\/\/infobric.com\/se\/#website"},"primaryImageOfPage":{"@id":"https:\/\/infobric.com\/se\/kundberattelser\/martin-dahlgren-vd-oljibe-digitalisering-och-hallbarhet-viktigast-framat\/#primaryimage"},"image":{"@id":"https:\/\/infobric.com\/se\/kundberattelser\/martin-dahlgren-vd-oljibe-digitalisering-och-hallbarhet-viktigast-framat\/#primaryimage"},"thumbnailUrl":"https:\/\/infobric.com\/se\/wp-content\/uploads\/sites\/29\/2019\/01\/martin-dahlgren-oljive.avif","datePublished":"2019-01-29T13:28:35+00:00","dateModified":"2026-01-27T10:46:35+00:00","author":{"@id":"https:\/\/infobric.com\/se\/#\/schema\/person\/9f4e00cf6fcae0e76877e28c02c58850"},"description":"I juni f\u00f6rra \u00e5ret tilltr\u00e4dde Martin Dahlgren som ny vd p\u00e5 Oljibe. Hans fokus kommer ligga p\u00e5 att utveckla bolaget inom digitalisering och h\u00e5llbarhet.","breadcrumb":{"@id":"https:\/\/infobric.com\/se\/kundberattelser\/martin-dahlgren-vd-oljibe-digitalisering-och-hallbarhet-viktigast-framat\/#breadcrumb"},"inLanguage":"sv-SE","potentialAction":[{"@type":"ReadAction","target":["https:\/\/infobric.com\/se\/kundberattelser\/martin-dahlgren-vd-oljibe-digitalisering-och-hallbarhet-viktigast-framat\/"]}]},{"@type":"ImageObject","inLanguage":"sv-SE","@id":"https:\/\/infobric.com\/se\/kundberattelser\/martin-dahlgren-vd-oljibe-digitalisering-och-hallbarhet-viktigast-framat\/#primaryimage","url":"https:\/\/infobric.com\/se\/wp-content\/uploads\/sites\/29\/2019\/01\/martin-dahlgren-oljive.avif","contentUrl":"https:\/\/infobric.com\/se\/wp-content\/uploads\/sites\/29\/2019\/01\/martin-dahlgren-oljive.avif","width":908,"height":602,"caption":"Oljibes vd"},{"@type":"BreadcrumbList","@id":"https:\/\/infobric.com\/se\/kundberattelser\/martin-dahlgren-vd-oljibe-digitalisering-och-hallbarhet-viktigast-framat\/#breadcrumb","itemListElement":[{"@type":"ListItem","position":1,"name":"Home","item":"https:\/\/infobric.com\/se\/"},{"@type":"ListItem","position":2,"name":"Martin Dahlgren, vd Oljibe: \u201dDigitalisering och h\u00e5llbarhet viktigast fram\u00e5t\u201d"}]},{"@type":"WebSite","@id":"https:\/\/infobric.com\/se\/#website","url":"https:\/\/infobric.com\/se\/","name":"Sweden","description":"","alternateName":"infobric SE","potentialAction":[{"@type":"SearchAction","target":{"@type":"EntryPoint","urlTemplate":"https:\/\/infobric.com\/se\/?s={search_term_string}"},"query-input":"required name=search_term_string"}],"inLanguage":"sv-SE"},{"@type":"ImageObject","inLanguage":"sv-SE","@id":"https:\/\/infobric.com\/se\/kundberattelser\/martin-dahlgren-vd-oljibe-digitalisering-och-hallbarhet-viktigast-framat\/#local-main-organization-logo","url":"","contentUrl":"","caption":"Infobric"}]}},"_links":{"self":[{"href":"https:\/\/infobric.com\/se\/wp-json\/wp\/v2\/posts\/9990"}],"collection":[{"href":"https:\/\/infobric.com\/se\/wp-json\/wp\/v2\/posts"}],"about":[{"href":"https:\/\/infobric.com\/se\/wp-json\/wp\/v2\/types\/post"}],"author":[{"embeddable":true,"href":"https:\/\/infobric.com\/se\/wp-json\/wp\/v2\/users\/9"}],"replies":[{"embeddable":true,"href":"https:\/\/infobric.com\/se\/wp-json\/wp\/v2\/comments?post=9990"}],"version-history":[{"count":4,"href":"https:\/\/infobric.com\/se\/wp-json\/wp\/v2\/posts\/9990\/revisions"}],"predecessor-version":[{"id":21299,"href":"https:\/\/infobric.com\/se\/wp-json\/wp\/v2\/posts\/9990\/revisions\/21299"}],"wp:featuredmedia":[{"embeddable":true,"href":"https:\/\/infobric.com\/se\/wp-json\/wp\/v2\/media\/21295"}],"wp:attachment":[{"href":"https:\/\/infobric.com\/se\/wp-json\/wp\/v2\/media?parent=9990"}],"wp:term":[{"taxonomy":"category","embeddable":true,"href":"https:\/\/infobric.com\/se\/wp-json\/wp\/v2\/categories?post=9990"},{"taxonomy":"post_tag","embeddable":true,"href":"https:\/\/infobric.com\/se\/wp-json\/wp\/v2\/tags?post=9990"}],"curies":[{"name":"wp","href":"https:\/\/api.w.org\/{rel}","templated":true}]}}