{"id":28767,"date":"2019-02-11T09:00:00","date_gmt":"2019-02-11T09:00:00","guid":{"rendered":"https:\/\/infobric.com\/se\/press\/infobric-tar-nasta-kliv-med-nya-agaren-summa-equity\/"},"modified":"2026-03-23T14:43:17","modified_gmt":"2026-03-23T14:43:17","slug":"infobric-tar-nasta-kliv-med-nya-agaren-summa-equity","status":"publish","type":"press","link":"https:\/\/infobric.com\/se\/press\/infobric-tar-nasta-kliv-med-nya-agaren-summa-equity\/","title":{"rendered":"Infobric tar n\u00e4sta kliv med nya \u00e4garen Summa Equity"},"content":{"rendered":"<p>Inom byggbranschen p\u00e5g\u00e5r ett omfattande utvecklingsarbete f\u00f6r att \u00f6ka branschens attraktivitet p\u00e5 arbetsmarknaden, genom bland annat mer effektiva arbetsmetoder och initiativ f\u00f6r att skapa en s\u00e4krare arbetsmilj\u00f6. Teknologi f\u00f6r att m\u00e4ta, \u00f6vervaka och f\u00f6rb\u00e4ttra s\u00e4kerheten kommer att spela en avg\u00f6rande roll i f\u00f6r\u00e4ndringsarbetet mot en mer effektiv byggbransch.<\/p>\n<p><strong>Digitalisering st\u00e4rker utsikterna f\u00f6r tillv\u00e4xt<\/strong><\/p>\n<p>Infobric har under de senaste \u00e5ren m\u00e4rkt av en \u00f6kande efterfr\u00e5gan p\u00e5 deras webbaserade mjukvarutj\u00e4nster och IoT-produkter f\u00f6r bland annat n\u00e4rvaroregistrering och beh\u00f6righetsstyrning. Digitalisering av byggbranschen \u00e4r en stark trend som ytterligare st\u00e4rker utsikterna f\u00f6r tillv\u00e4xt. Sammantaget kommer dessa trender att driva tillv\u00e4xt f\u00f6r Infobric genom bolagets bidrag till \u00f6kad s\u00e4kerhet med hj\u00e4lp av smart teknologi, anpassning till nya lagkrav och \u00f6kad effektivitet i en bransch som \u00e4r en grundbult i den ekonomiska tillv\u00e4xten.<\/p>\n<p>Bolagets inriktning och framtida m\u00f6jligheter g\u00e5r hand i hand med Summa Equitys \u201dTechnology-enabled Businesses\u201d och FN:s globala m\u00e5l f\u00f6r h\u00e5llbar utveckling #8.8 \u201dSkydda arbetstagares r\u00e4ttigheter och fr\u00e4mja en trygg och s\u00e4ker arbetsmilj\u00f6 f\u00f6r alla \u201d samt #16.6 \u201dBygga upp effektiva och transparenta institutioner med ansvarsutkr\u00e4vande p\u00e5 alla niv\u00e5er\u201d.<\/p>\n<p>\u2013 Genom f\u00f6rv\u00e4rvet av Infobric kan vi bidra till effektivitetsf\u00f6rb\u00e4ttringar och en s\u00e4krare arbetsmilj\u00f6 i byggbranschen. Vi \u00e4r imponerade av den l\u00f6nsamma tillv\u00e4xt som Infobric-teamet har uppn\u00e5tt hittills, och ser fram mot att st\u00f6tta bolagets fortsatta tillv\u00e4xt och utveckling under de kommande \u00e5ren, s\u00e4ger Christian Melby, partner p\u00e5 Summa Equity.<\/p>\n<p><strong>Investerar i bolag som bidrar till globala h\u00e5llbarhetsm\u00e5l<\/strong><\/p>\n<p>Summa Equity grundades 2016 och st\u00e4ngde sin f\u00f6rsta fond i februari 2017 med totalt 4,7 mdkr fokuserade p\u00e5 investeringar i den nordiska SMB-marknaden (sm\u00e5- och medelstora bolag). Bolaget investerar i sektorer kopplade till tre megatrenddrivna teman: resurseffektivitet, f\u00f6r\u00e4ndrad befolkningssammans\u00e4ttning och teknologiintensiv verksamhet, och har byggt en portf\u00f6lj av bolag som bidrar till den positiva utvecklingen av FN:s globala h\u00e5llbarhetsm\u00e5l p\u00e5 omr\u00e5den som h\u00e4lsa, utbildning, jordbruk och teknologi.<\/p>\n<p><strong>Vill bli den ledande digitaliseringspartnern f\u00f6r byggindustrin i Norden<\/strong><\/p>\n<p>Genom f\u00f6rv\u00e4rvet blir Summa Equity majoritets\u00e4gare i Infobric. Grundare och ledningsgrupp kvarst\u00e5r som del\u00e4gare i bolaget.<\/p>\n<p>\u2013 Med Summa Equity som ny majoritets\u00e4gare tar Infobric n\u00e4sta kliv in i en ny och sp\u00e4nnande fas. Summa Equitys engagemang i att bidra till ett h\u00e5llbart samh\u00e4lle och till att l\u00f6sa sociala och milj\u00f6relaterade utmaningar genom innovativ teknologi ligger i linje med Infobrics v\u00e4rderingar och verksamhetsfokus. V\u00e5r nya \u00e4gare kommer dessutom spela en viktig roll i Infobrics resa mot att bli den ledande digitaliseringspartnern f\u00f6r byggindustrin i Norden, s\u00e4ger Infobrics VD Dan Friberg.<\/p>\n","protected":false},"excerpt":{"rendered":"<p>Summa Equity f\u00f6rv\u00e4rvar IT- och elektronikf\u00f6retaget Infobric av J\u00f6nk\u00f6ping Business Development och blir ny majoritets\u00e4gare i bolaget. Med Summa Equity som ny \u00e4gare tar Infobric n\u00e4sta kliv mot att bli den ledande digitaliseringspartnern f\u00f6r byggindustrin i Norden.<\/p>\n","protected":false},"author":53,"featured_media":28943,"comment_status":"closed","ping_status":"closed","template":"","meta":{"_acf_changed":false,"footnotes":""},"cision-category":[114],"acf":[],"yoast_head":"<!-- This site is optimized with the Yoast SEO Premium plugin v22.5 (Yoast SEO v22.5) - https:\/\/yoast.com\/wordpress\/plugins\/seo\/ -->\n<title>Infobric tar n\u00e4sta kliv med nya \u00e4garen Summa Equity | Sweden<\/title>\n<meta name=\"robots\" content=\"index, follow, max-snippet:-1, max-image-preview:large, max-video-preview:-1\" \/>\n<link rel=\"canonical\" href=\"https:\/\/infobric.com\/se\/press\/infobric-tar-nasta-kliv-med-nya-agaren-summa-equity\/\" \/>\n<meta property=\"og:locale\" content=\"sv_SE\" \/>\n<meta property=\"og:type\" content=\"article\" \/>\n<meta property=\"og:title\" content=\"Infobric tar n\u00e4sta kliv med nya \u00e4garen Summa Equity\" \/>\n<meta property=\"og:description\" content=\"Summa Equity f\u00f6rv\u00e4rvar IT- och elektronikf\u00f6retaget Infobric av J\u00f6nk\u00f6ping Business Development och blir ny majoritets\u00e4gare i bolaget. Med Summa Equity som ny \u00e4gare tar Infobric n\u00e4sta kliv mot att bli den ledande digitaliseringspartnern f\u00f6r byggindustrin i Norden.\" \/>\n<meta property=\"og:url\" content=\"https:\/\/infobric.com\/se\/press\/infobric-tar-nasta-kliv-med-nya-agaren-summa-equity\/\" \/>\n<meta property=\"og:site_name\" content=\"Sweden\" \/>\n<meta property=\"article:modified_time\" content=\"2026-03-23T14:43:17+00:00\" \/>\n<meta name=\"twitter:card\" content=\"summary_large_image\" \/>\n<script type=\"application\/ld+json\" class=\"yoast-schema-graph\">{\"@context\":\"https:\/\/schema.org\",\"@graph\":[{\"@type\":\"WebPage\",\"@id\":\"https:\/\/infobric.com\/se\/press\/infobric-tar-nasta-kliv-med-nya-agaren-summa-equity\/\",\"url\":\"https:\/\/infobric.com\/se\/press\/infobric-tar-nasta-kliv-med-nya-agaren-summa-equity\/\",\"name\":\"Infobric tar n\u00e4sta kliv med nya \u00e4garen Summa Equity | Sweden\",\"isPartOf\":{\"@id\":\"https:\/\/infobric.com\/se\/#website\"},\"primaryImageOfPage\":{\"@id\":\"https:\/\/infobric.com\/se\/press\/infobric-tar-nasta-kliv-med-nya-agaren-summa-equity\/#primaryimage\"},\"image\":{\"@id\":\"https:\/\/infobric.com\/se\/press\/infobric-tar-nasta-kliv-med-nya-agaren-summa-equity\/#primaryimage\"},\"thumbnailUrl\":\"https:\/\/infobric.com\/se\/wp-content\/uploads\/sites\/29\/2019\/02\/Infobric_Oslo_DenieseT_2017-scaled-1.avif\",\"datePublished\":\"2019-02-11T09:00:00+00:00\",\"dateModified\":\"2026-03-23T14:43:17+00:00\",\"breadcrumb\":{\"@id\":\"https:\/\/infobric.com\/se\/press\/infobric-tar-nasta-kliv-med-nya-agaren-summa-equity\/#breadcrumb\"},\"inLanguage\":\"sv-SE\",\"potentialAction\":[{\"@type\":\"ReadAction\",\"target\":[\"https:\/\/infobric.com\/se\/press\/infobric-tar-nasta-kliv-med-nya-agaren-summa-equity\/\"]}]},{\"@type\":\"ImageObject\",\"inLanguage\":\"sv-SE\",\"@id\":\"https:\/\/infobric.com\/se\/press\/infobric-tar-nasta-kliv-med-nya-agaren-summa-equity\/#primaryimage\",\"url\":\"https:\/\/infobric.com\/se\/wp-content\/uploads\/sites\/29\/2019\/02\/Infobric_Oslo_DenieseT_2017-scaled-1.avif\",\"contentUrl\":\"https:\/\/infobric.com\/se\/wp-content\/uploads\/sites\/29\/2019\/02\/Infobric_Oslo_DenieseT_2017-scaled-1.avif\",\"width\":1200,\"height\":764},{\"@type\":\"BreadcrumbList\",\"@id\":\"https:\/\/infobric.com\/se\/press\/infobric-tar-nasta-kliv-med-nya-agaren-summa-equity\/#breadcrumb\",\"itemListElement\":[{\"@type\":\"ListItem\",\"position\":1,\"name\":\"Home\",\"item\":\"https:\/\/infobric.com\/se\/\"},{\"@type\":\"ListItem\",\"position\":2,\"name\":\"Newsroom\",\"item\":\"https:\/\/infobric.com\/se\/press\/\"},{\"@type\":\"ListItem\",\"position\":3,\"name\":\"Infobric tar n\u00e4sta kliv med nya \u00e4garen Summa Equity\"}]},{\"@type\":\"WebSite\",\"@id\":\"https:\/\/infobric.com\/se\/#website\",\"url\":\"https:\/\/infobric.com\/se\/\",\"name\":\"Sweden\",\"description\":\"\",\"alternateName\":\"infobric SE\",\"potentialAction\":[{\"@type\":\"SearchAction\",\"target\":{\"@type\":\"EntryPoint\",\"urlTemplate\":\"https:\/\/infobric.com\/se\/?s={search_term_string}\"},\"query-input\":\"required name=search_term_string\"}],\"inLanguage\":\"sv-SE\"},{\"@type\":\"ImageObject\",\"inLanguage\":\"sv-SE\",\"@id\":\"https:\/\/infobric.com\/se\/press\/infobric-tar-nasta-kliv-med-nya-agaren-summa-equity\/#local-main-organization-logo\",\"url\":\"\",\"contentUrl\":\"\",\"caption\":\"Infobric\"}]}<\/script>\n<!-- \/ Yoast SEO Premium plugin. -->","yoast_head_json":{"title":"Infobric tar n\u00e4sta kliv med nya \u00e4garen Summa Equity | Sweden","robots":{"index":"index","follow":"follow","max-snippet":"max-snippet:-1","max-image-preview":"max-image-preview:large","max-video-preview":"max-video-preview:-1"},"canonical":"https:\/\/infobric.com\/se\/press\/infobric-tar-nasta-kliv-med-nya-agaren-summa-equity\/","og_locale":"sv_SE","og_type":"article","og_title":"Infobric tar n\u00e4sta kliv med nya \u00e4garen Summa Equity","og_description":"Summa Equity f\u00f6rv\u00e4rvar IT- och elektronikf\u00f6retaget Infobric av J\u00f6nk\u00f6ping Business Development och blir ny majoritets\u00e4gare i bolaget. Med Summa Equity som ny \u00e4gare tar Infobric n\u00e4sta kliv mot att bli den ledande digitaliseringspartnern f\u00f6r byggindustrin i Norden.","og_url":"https:\/\/infobric.com\/se\/press\/infobric-tar-nasta-kliv-med-nya-agaren-summa-equity\/","og_site_name":"Sweden","article_modified_time":"2026-03-23T14:43:17+00:00","twitter_card":"summary_large_image","schema":{"@context":"https:\/\/schema.org","@graph":[{"@type":"WebPage","@id":"https:\/\/infobric.com\/se\/press\/infobric-tar-nasta-kliv-med-nya-agaren-summa-equity\/","url":"https:\/\/infobric.com\/se\/press\/infobric-tar-nasta-kliv-med-nya-agaren-summa-equity\/","name":"Infobric tar n\u00e4sta kliv med nya \u00e4garen Summa Equity | Sweden","isPartOf":{"@id":"https:\/\/infobric.com\/se\/#website"},"primaryImageOfPage":{"@id":"https:\/\/infobric.com\/se\/press\/infobric-tar-nasta-kliv-med-nya-agaren-summa-equity\/#primaryimage"},"image":{"@id":"https:\/\/infobric.com\/se\/press\/infobric-tar-nasta-kliv-med-nya-agaren-summa-equity\/#primaryimage"},"thumbnailUrl":"https:\/\/infobric.com\/se\/wp-content\/uploads\/sites\/29\/2019\/02\/Infobric_Oslo_DenieseT_2017-scaled-1.avif","datePublished":"2019-02-11T09:00:00+00:00","dateModified":"2026-03-23T14:43:17+00:00","breadcrumb":{"@id":"https:\/\/infobric.com\/se\/press\/infobric-tar-nasta-kliv-med-nya-agaren-summa-equity\/#breadcrumb"},"inLanguage":"sv-SE","potentialAction":[{"@type":"ReadAction","target":["https:\/\/infobric.com\/se\/press\/infobric-tar-nasta-kliv-med-nya-agaren-summa-equity\/"]}]},{"@type":"ImageObject","inLanguage":"sv-SE","@id":"https:\/\/infobric.com\/se\/press\/infobric-tar-nasta-kliv-med-nya-agaren-summa-equity\/#primaryimage","url":"https:\/\/infobric.com\/se\/wp-content\/uploads\/sites\/29\/2019\/02\/Infobric_Oslo_DenieseT_2017-scaled-1.avif","contentUrl":"https:\/\/infobric.com\/se\/wp-content\/uploads\/sites\/29\/2019\/02\/Infobric_Oslo_DenieseT_2017-scaled-1.avif","width":1200,"height":764},{"@type":"BreadcrumbList","@id":"https:\/\/infobric.com\/se\/press\/infobric-tar-nasta-kliv-med-nya-agaren-summa-equity\/#breadcrumb","itemListElement":[{"@type":"ListItem","position":1,"name":"Home","item":"https:\/\/infobric.com\/se\/"},{"@type":"ListItem","position":2,"name":"Newsroom","item":"https:\/\/infobric.com\/se\/press\/"},{"@type":"ListItem","position":3,"name":"Infobric tar n\u00e4sta kliv med nya \u00e4garen Summa Equity"}]},{"@type":"WebSite","@id":"https:\/\/infobric.com\/se\/#website","url":"https:\/\/infobric.com\/se\/","name":"Sweden","description":"","alternateName":"infobric SE","potentialAction":[{"@type":"SearchAction","target":{"@type":"EntryPoint","urlTemplate":"https:\/\/infobric.com\/se\/?s={search_term_string}"},"query-input":"required name=search_term_string"}],"inLanguage":"sv-SE"},{"@type":"ImageObject","inLanguage":"sv-SE","@id":"https:\/\/infobric.com\/se\/press\/infobric-tar-nasta-kliv-med-nya-agaren-summa-equity\/#local-main-organization-logo","url":"","contentUrl":"","caption":"Infobric"}]}},"_links":{"self":[{"href":"https:\/\/infobric.com\/se\/wp-json\/wp\/v2\/press\/28767"}],"collection":[{"href":"https:\/\/infobric.com\/se\/wp-json\/wp\/v2\/press"}],"about":[{"href":"https:\/\/infobric.com\/se\/wp-json\/wp\/v2\/types\/press"}],"author":[{"embeddable":true,"href":"https:\/\/infobric.com\/se\/wp-json\/wp\/v2\/users\/53"}],"replies":[{"embeddable":true,"href":"https:\/\/infobric.com\/se\/wp-json\/wp\/v2\/comments?post=28767"}],"version-history":[{"count":1,"href":"https:\/\/infobric.com\/se\/wp-json\/wp\/v2\/press\/28767\/revisions"}],"predecessor-version":[{"id":28945,"href":"https:\/\/infobric.com\/se\/wp-json\/wp\/v2\/press\/28767\/revisions\/28945"}],"wp:featuredmedia":[{"embeddable":true,"href":"https:\/\/infobric.com\/se\/wp-json\/wp\/v2\/media\/28943"}],"wp:attachment":[{"href":"https:\/\/infobric.com\/se\/wp-json\/wp\/v2\/media?parent=28767"}],"wp:term":[{"taxonomy":"cision-category","embeddable":true,"href":"https:\/\/infobric.com\/se\/wp-json\/wp\/v2\/cision-category?post=28767"}],"curies":[{"name":"wp","href":"https:\/\/api.w.org\/{rel}","templated":true}]}}